{"id":19952,"date":"2025-01-22T06:01:11","date_gmt":"2025-01-22T09:01:11","guid":{"rendered":"http:\/\/masquenoticiastucuman.com.ar\/?p=19952"},"modified":"2025-01-22T06:01:11","modified_gmt":"2025-01-22T09:01:11","slug":"donald-trump-arremetio-contra-la-obispa-que-le-reclamo-piedad-para-la-comunidad-lgbtq-la-tildo-de-desagradable-y-le-exigio-que-se-disculpe","status":"publish","type":"post","link":"https:\/\/masquenoticiastucuman.com.ar\/?p=19952","title":{"rendered":"Donald Trump arremeti\u00f3 contra la obispa que le reclam\u00f3 piedad para la comunidad LGBTQ: la tild\u00f3 de &#8220;desagradable&#8221; y le exigi\u00f3 que se disculpe"},"content":{"rendered":"<ul>\n<li>El serm\u00f3n de la religiosa se llev\u00f3 a cabo este martes delante del flamante presidente de Estados Unidos.<\/li>\n<li> Respondi\u00f3 a la medida tomada por el mandatario tras su asunci\u00f3n, en la que se\u00f1al\u00f3 que solo se reconocer\u00e1n dos sexos: el masculino y el femenino, pero no el transg\u00e9nero.<\/li>\n<\/ul>","protected":false},"excerpt":{"rendered":"<p>El serm\u00f3n de la religiosa se llev\u00f3 a cabo este martes delante del flamante presidente&#8230;<\/p>\n","protected":false},"author":1,"featured_media":0,"comment_status":"open","ping_status":"open","sticky":false,"template":"","format":"standard","meta":{"footnotes":""},"categories":[4],"tags":[],"class_list":["post-19952","post","type-post","status-publish","format-standard","hentry","category-internacionales"],"_links":{"self":[{"href":"https:\/\/masquenoticiastucuman.com.ar\/index.php?rest_route=\/wp\/v2\/posts\/19952","targetHints":{"allow":["GET"]}}],"collection":[{"href":"https:\/\/masquenoticiastucuman.com.ar\/index.php?rest_route=\/wp\/v2\/posts"}],"about":[{"href":"https:\/\/masquenoticiastucuman.com.ar\/index.php?rest_route=\/wp\/v2\/types\/post"}],"author":[{"embeddable":true,"href":"https:\/\/masquenoticiastucuman.com.ar\/index.php?rest_route=\/wp\/v2\/users\/1"}],"replies":[{"embeddable":true,"href":"https:\/\/masquenoticiastucuman.com.ar\/index.php?rest_route=%2Fwp%2Fv2%2Fcomments&post=19952"}],"version-history":[{"count":0,"href":"https:\/\/masquenoticiastucuman.com.ar\/index.php?rest_route=\/wp\/v2\/posts\/19952\/revisions"}],"wp:attachment":[{"href":"https:\/\/masquenoticiastucuman.com.ar\/index.php?rest_route=%2Fwp%2Fv2%2Fmedia&parent=19952"}],"wp:term":[{"taxonomy":"category","embeddable":true,"href":"https:\/\/masquenoticiastucuman.com.ar\/index.php?rest_route=%2Fwp%2Fv2%2Fcategories&post=19952"},{"taxonomy":"post_tag","embeddable":true,"href":"https:\/\/masquenoticiastucuman.com.ar\/index.php?rest_route=%2Fwp%2Fv2%2Ftags&post=19952"}],"curies":[{"name":"wp","href":"https:\/\/api.w.org\/{rel}","templated":true}]}}