{"id":19963,"date":"2025-01-22T09:01:03","date_gmt":"2025-01-22T12:01:03","guid":{"rendered":"http:\/\/masquenoticiastucuman.com.ar\/?p=19963"},"modified":"2025-01-22T09:01:03","modified_gmt":"2025-01-22T12:01:03","slug":"las-lluvias-no-alcanzaron-y-los-cultivos-sufren-la-sequia-como-estan-las-reservas-de-agua-en-cada-region","status":"publish","type":"post","link":"https:\/\/masquenoticiastucuman.com.ar\/?p=19963","title":{"rendered":"Las lluvias no alcanzaron y los cultivos sufren la sequ\u00eda: c\u00f3mo est\u00e1n las reservas de agua en cada regi\u00f3n"},"content":{"rendered":"<ul>\n<li>Las recargas h\u00eddricas fueron acotadas y solo aliviaron a algunas zonas.<\/li>\n<li>En gran parte del pa\u00eds hay desecamiento.<\/li>\n<li>El mapa que muestra la condici\u00f3n de los suelos.<\/li>\n<\/ul>","protected":false},"excerpt":{"rendered":"<p>Las recargas h\u00eddricas fueron acotadas y solo aliviaron a algunas zonas. En gran parte del&#8230;<\/p>\n","protected":false},"author":1,"featured_media":0,"comment_status":"open","ping_status":"open","sticky":false,"template":"","format":"standard","meta":{"footnotes":""},"categories":[1],"tags":[],"class_list":["post-19963","post","type-post","status-publish","format-standard","hentry","category-uncategorized"],"_links":{"self":[{"href":"https:\/\/masquenoticiastucuman.com.ar\/index.php?rest_route=\/wp\/v2\/posts\/19963","targetHints":{"allow":["GET"]}}],"collection":[{"href":"https:\/\/masquenoticiastucuman.com.ar\/index.php?rest_route=\/wp\/v2\/posts"}],"about":[{"href":"https:\/\/masquenoticiastucuman.com.ar\/index.php?rest_route=\/wp\/v2\/types\/post"}],"author":[{"embeddable":true,"href":"https:\/\/masquenoticiastucuman.com.ar\/index.php?rest_route=\/wp\/v2\/users\/1"}],"replies":[{"embeddable":true,"href":"https:\/\/masquenoticiastucuman.com.ar\/index.php?rest_route=%2Fwp%2Fv2%2Fcomments&post=19963"}],"version-history":[{"count":0,"href":"https:\/\/masquenoticiastucuman.com.ar\/index.php?rest_route=\/wp\/v2\/posts\/19963\/revisions"}],"wp:attachment":[{"href":"https:\/\/masquenoticiastucuman.com.ar\/index.php?rest_route=%2Fwp%2Fv2%2Fmedia&parent=19963"}],"wp:term":[{"taxonomy":"category","embeddable":true,"href":"https:\/\/masquenoticiastucuman.com.ar\/index.php?rest_route=%2Fwp%2Fv2%2Fcategories&post=19963"},{"taxonomy":"post_tag","embeddable":true,"href":"https:\/\/masquenoticiastucuman.com.ar\/index.php?rest_route=%2Fwp%2Fv2%2Ftags&post=19963"}],"curies":[{"name":"wp","href":"https:\/\/api.w.org\/{rel}","templated":true}]}}