{"id":19965,"date":"2025-01-22T09:01:05","date_gmt":"2025-01-22T12:01:05","guid":{"rendered":"http:\/\/masquenoticiastucuman.com.ar\/?p=19965"},"modified":"2025-01-22T09:01:05","modified_gmt":"2025-01-22T12:01:05","slug":"el-canal-de-panama-no-fue-una-concesion-ni-una-dadiva-el-duro-discurso-del-presidente-panameno-en-davos-tras-la-amenaza-de-donald-trump","status":"publish","type":"post","link":"https:\/\/masquenoticiastucuman.com.ar\/?p=19965","title":{"rendered":"&#8220;El canal de Panam\u00e1 no fue una concesi\u00f3n ni una d\u00e1diva&#8221;: el duro discurso del presidente paname\u00f1o en Davos tras la amenaza de Donald Trump"},"content":{"rendered":"<ul>\n<li>Raul Mulino habl\u00f3 este mi\u00e9rcoles en el foto econ\u00f3mico, tras el anuncio del presidente de los Estados Unidos de que quiere retomar el control del paso interoce\u00e1nico. <\/li>\n<\/ul>","protected":false},"excerpt":{"rendered":"<p>Raul Mulino habl\u00f3 este mi\u00e9rcoles en el foto econ\u00f3mico, tras el anuncio del presidente de&#8230;<\/p>\n","protected":false},"author":1,"featured_media":0,"comment_status":"open","ping_status":"open","sticky":false,"template":"","format":"standard","meta":{"footnotes":""},"categories":[4],"tags":[],"class_list":["post-19965","post","type-post","status-publish","format-standard","hentry","category-internacionales"],"_links":{"self":[{"href":"https:\/\/masquenoticiastucuman.com.ar\/index.php?rest_route=\/wp\/v2\/posts\/19965","targetHints":{"allow":["GET"]}}],"collection":[{"href":"https:\/\/masquenoticiastucuman.com.ar\/index.php?rest_route=\/wp\/v2\/posts"}],"about":[{"href":"https:\/\/masquenoticiastucuman.com.ar\/index.php?rest_route=\/wp\/v2\/types\/post"}],"author":[{"embeddable":true,"href":"https:\/\/masquenoticiastucuman.com.ar\/index.php?rest_route=\/wp\/v2\/users\/1"}],"replies":[{"embeddable":true,"href":"https:\/\/masquenoticiastucuman.com.ar\/index.php?rest_route=%2Fwp%2Fv2%2Fcomments&post=19965"}],"version-history":[{"count":0,"href":"https:\/\/masquenoticiastucuman.com.ar\/index.php?rest_route=\/wp\/v2\/posts\/19965\/revisions"}],"wp:attachment":[{"href":"https:\/\/masquenoticiastucuman.com.ar\/index.php?rest_route=%2Fwp%2Fv2%2Fmedia&parent=19965"}],"wp:term":[{"taxonomy":"category","embeddable":true,"href":"https:\/\/masquenoticiastucuman.com.ar\/index.php?rest_route=%2Fwp%2Fv2%2Fcategories&post=19965"},{"taxonomy":"post_tag","embeddable":true,"href":"https:\/\/masquenoticiastucuman.com.ar\/index.php?rest_route=%2Fwp%2Fv2%2Ftags&post=19965"}],"curies":[{"name":"wp","href":"https:\/\/api.w.org\/{rel}","templated":true}]}}