{"id":19971,"date":"2025-01-22T10:01:04","date_gmt":"2025-01-22T13:01:04","guid":{"rendered":"http:\/\/masquenoticiastucuman.com.ar\/?p=19971"},"modified":"2025-01-22T10:01:04","modified_gmt":"2025-01-22T13:01:04","slug":"donald-trump-cierra-el-sitio-web-de-la-casa-blanca-en-espanol","status":"publish","type":"post","link":"https:\/\/masquenoticiastucuman.com.ar\/?p=19971","title":{"rendered":"Donald Trump cierra el sitio web de la Casa Blanca en espa\u00f1ol"},"content":{"rendered":"<ul>\n<li>Elimin\u00f3 la versi\u00f3n en castellano. Ya lo hab\u00eda hecho en 2017. <\/li>\n<li>Biden reestableci\u00f3 la p\u00e1gina en 2021.<\/li>\n<\/ul>","protected":false},"excerpt":{"rendered":"<p>Elimin\u00f3 la versi\u00f3n en castellano. Ya lo hab\u00eda hecho en 2017. Biden reestableci\u00f3 la p\u00e1gina&#8230;<\/p>\n","protected":false},"author":1,"featured_media":0,"comment_status":"open","ping_status":"open","sticky":false,"template":"","format":"standard","meta":{"footnotes":""},"categories":[4],"tags":[],"class_list":["post-19971","post","type-post","status-publish","format-standard","hentry","category-internacionales"],"_links":{"self":[{"href":"https:\/\/masquenoticiastucuman.com.ar\/index.php?rest_route=\/wp\/v2\/posts\/19971","targetHints":{"allow":["GET"]}}],"collection":[{"href":"https:\/\/masquenoticiastucuman.com.ar\/index.php?rest_route=\/wp\/v2\/posts"}],"about":[{"href":"https:\/\/masquenoticiastucuman.com.ar\/index.php?rest_route=\/wp\/v2\/types\/post"}],"author":[{"embeddable":true,"href":"https:\/\/masquenoticiastucuman.com.ar\/index.php?rest_route=\/wp\/v2\/users\/1"}],"replies":[{"embeddable":true,"href":"https:\/\/masquenoticiastucuman.com.ar\/index.php?rest_route=%2Fwp%2Fv2%2Fcomments&post=19971"}],"version-history":[{"count":0,"href":"https:\/\/masquenoticiastucuman.com.ar\/index.php?rest_route=\/wp\/v2\/posts\/19971\/revisions"}],"wp:attachment":[{"href":"https:\/\/masquenoticiastucuman.com.ar\/index.php?rest_route=%2Fwp%2Fv2%2Fmedia&parent=19971"}],"wp:term":[{"taxonomy":"category","embeddable":true,"href":"https:\/\/masquenoticiastucuman.com.ar\/index.php?rest_route=%2Fwp%2Fv2%2Fcategories&post=19971"},{"taxonomy":"post_tag","embeddable":true,"href":"https:\/\/masquenoticiastucuman.com.ar\/index.php?rest_route=%2Fwp%2Fv2%2Ftags&post=19971"}],"curies":[{"name":"wp","href":"https:\/\/api.w.org\/{rel}","templated":true}]}}