{"id":19993,"date":"2025-01-22T13:01:03","date_gmt":"2025-01-22T16:01:03","guid":{"rendered":"http:\/\/masquenoticiastucuman.com.ar\/?p=19993"},"modified":"2025-01-22T13:01:03","modified_gmt":"2025-01-22T16:01:03","slug":"agustin-marchesin-se-realizo-la-revision-medica-y-sera-nuevo-jugador-de-boca-gago-suma-a-su-septimo-refuerzo","status":"publish","type":"post","link":"https:\/\/masquenoticiastucuman.com.ar\/?p=19993","title":{"rendered":"Agust\u00edn Marches\u00edn se realiz\u00f3 la revisi\u00f3n m\u00e9dica y ser\u00e1 nuevo jugador de Boca: Gago suma a su s\u00e9ptimo refuerzo"},"content":{"rendered":"<ul>\n<li>El arquero de 36 a\u00f1os se someti\u00f3 a los estudios m\u00e9dicos y firma su contrato por dos a\u00f1os.<\/li>\n<li>Boca abona poco m\u00e1s de un mill\u00f3n y medio de d\u00f3lares por el pase del guardameta.<\/li>\n<li>El ex Lan\u00fas y Porto jug\u00f3 la \u00faltima temporada en Gremio de Porto Alegre. Por la tarde firma el contrato.<\/li>\n<\/ul>","protected":false},"excerpt":{"rendered":"<p>El arquero de 36 a\u00f1os se someti\u00f3 a los estudios m\u00e9dicos y firma su contrato&#8230;<\/p>\n","protected":false},"author":1,"featured_media":0,"comment_status":"open","ping_status":"open","sticky":false,"template":"","format":"standard","meta":{"footnotes":""},"categories":[6],"tags":[],"class_list":["post-19993","post","type-post","status-publish","format-standard","hentry","category-deportes"],"_links":{"self":[{"href":"https:\/\/masquenoticiastucuman.com.ar\/index.php?rest_route=\/wp\/v2\/posts\/19993","targetHints":{"allow":["GET"]}}],"collection":[{"href":"https:\/\/masquenoticiastucuman.com.ar\/index.php?rest_route=\/wp\/v2\/posts"}],"about":[{"href":"https:\/\/masquenoticiastucuman.com.ar\/index.php?rest_route=\/wp\/v2\/types\/post"}],"author":[{"embeddable":true,"href":"https:\/\/masquenoticiastucuman.com.ar\/index.php?rest_route=\/wp\/v2\/users\/1"}],"replies":[{"embeddable":true,"href":"https:\/\/masquenoticiastucuman.com.ar\/index.php?rest_route=%2Fwp%2Fv2%2Fcomments&post=19993"}],"version-history":[{"count":0,"href":"https:\/\/masquenoticiastucuman.com.ar\/index.php?rest_route=\/wp\/v2\/posts\/19993\/revisions"}],"wp:attachment":[{"href":"https:\/\/masquenoticiastucuman.com.ar\/index.php?rest_route=%2Fwp%2Fv2%2Fmedia&parent=19993"}],"wp:term":[{"taxonomy":"category","embeddable":true,"href":"https:\/\/masquenoticiastucuman.com.ar\/index.php?rest_route=%2Fwp%2Fv2%2Fcategories&post=19993"},{"taxonomy":"post_tag","embeddable":true,"href":"https:\/\/masquenoticiastucuman.com.ar\/index.php?rest_route=%2Fwp%2Fv2%2Ftags&post=19993"}],"curies":[{"name":"wp","href":"https:\/\/api.w.org\/{rel}","templated":true}]}}