{"id":19997,"date":"2025-01-22T14:01:04","date_gmt":"2025-01-22T17:01:04","guid":{"rendered":"http:\/\/masquenoticiastucuman.com.ar\/?p=19997"},"modified":"2025-01-22T14:01:04","modified_gmt":"2025-01-22T17:01:04","slug":"el-trece-tambien-pone-a-francella-como-sera-la-nueva-grilla-del-canal-y-que-pasara-con-guido-kaczka","status":"publish","type":"post","link":"https:\/\/masquenoticiastucuman.com.ar\/?p=19997","title":{"rendered":"El Trece tambi\u00e9n pone a Francella: c\u00f3mo ser\u00e1 la nueva grilla del canal y qu\u00e9 pasar\u00e1 con Guido Kaczka"},"content":{"rendered":"<ul>\n<li>Mientras Telefe emite &#8220;Pon\u00e9 a Francella&#8221; los s\u00e1bados a la noche (a 24 a\u00f1os de su estreno), El Trece tendr\u00e1 al actor en su <em>prime time<\/em> de lunes a viernes con &#8220;El encargado&#8221;.<\/li>\n<li>Todas las novedades del canal a partir del 3 de febrero.<\/li>\n<\/ul>","protected":false},"excerpt":{"rendered":"<p>Mientras Telefe emite &#8220;Pon\u00e9 a Francella&#8221; los s\u00e1bados a la noche (a 24 a\u00f1os de&#8230;<\/p>\n","protected":false},"author":1,"featured_media":0,"comment_status":"open","ping_status":"open","sticky":false,"template":"","format":"standard","meta":{"footnotes":""},"categories":[5],"tags":[],"class_list":["post-19997","post","type-post","status-publish","format-standard","hentry","category-espectaculo"],"_links":{"self":[{"href":"https:\/\/masquenoticiastucuman.com.ar\/index.php?rest_route=\/wp\/v2\/posts\/19997","targetHints":{"allow":["GET"]}}],"collection":[{"href":"https:\/\/masquenoticiastucuman.com.ar\/index.php?rest_route=\/wp\/v2\/posts"}],"about":[{"href":"https:\/\/masquenoticiastucuman.com.ar\/index.php?rest_route=\/wp\/v2\/types\/post"}],"author":[{"embeddable":true,"href":"https:\/\/masquenoticiastucuman.com.ar\/index.php?rest_route=\/wp\/v2\/users\/1"}],"replies":[{"embeddable":true,"href":"https:\/\/masquenoticiastucuman.com.ar\/index.php?rest_route=%2Fwp%2Fv2%2Fcomments&post=19997"}],"version-history":[{"count":0,"href":"https:\/\/masquenoticiastucuman.com.ar\/index.php?rest_route=\/wp\/v2\/posts\/19997\/revisions"}],"wp:attachment":[{"href":"https:\/\/masquenoticiastucuman.com.ar\/index.php?rest_route=%2Fwp%2Fv2%2Fmedia&parent=19997"}],"wp:term":[{"taxonomy":"category","embeddable":true,"href":"https:\/\/masquenoticiastucuman.com.ar\/index.php?rest_route=%2Fwp%2Fv2%2Fcategories&post=19997"},{"taxonomy":"post_tag","embeddable":true,"href":"https:\/\/masquenoticiastucuman.com.ar\/index.php?rest_route=%2Fwp%2Fv2%2Ftags&post=19997"}],"curies":[{"name":"wp","href":"https:\/\/api.w.org\/{rel}","templated":true}]}}