{"id":20047,"date":"2025-01-23T02:01:03","date_gmt":"2025-01-23T05:01:03","guid":{"rendered":"http:\/\/masquenoticiastucuman.com.ar\/?p=20047"},"modified":"2025-01-23T02:01:03","modified_gmt":"2025-01-23T05:01:03","slug":"el-gobierno-de-trump-reconocio-a-edmundo-gonzalez-urrutia-como-presidente-legitimo-de-venezuela","status":"publish","type":"post","link":"https:\/\/masquenoticiastucuman.com.ar\/?p=20047","title":{"rendered":"El gobierno de Trump reconoci\u00f3 a Edmundo Gonz\u00e1lez Urrutia como &#8220;presidente leg\u00edtimo&#8221; de Venezuela"},"content":{"rendered":"<ul>\n<li>Lo hizo a trav\u00e9s del jefe de la diplomacia, Marco Rubio, quien mantuvo un di\u00e1logo con el referente opositor al r\u00e9gimen de Nicol\u00e1s Maduro.  <\/li>\n<li>Tambi\u00e9n particip\u00f3 de la charla Mar\u00eda Corina Machado.<\/li>\n<\/ul>","protected":false},"excerpt":{"rendered":"<p>Lo hizo a trav\u00e9s del jefe de la diplomacia, Marco Rubio, quien mantuvo un di\u00e1logo&#8230;<\/p>\n","protected":false},"author":1,"featured_media":0,"comment_status":"open","ping_status":"open","sticky":false,"template":"","format":"standard","meta":{"footnotes":""},"categories":[4],"tags":[],"class_list":["post-20047","post","type-post","status-publish","format-standard","hentry","category-internacionales"],"_links":{"self":[{"href":"https:\/\/masquenoticiastucuman.com.ar\/index.php?rest_route=\/wp\/v2\/posts\/20047","targetHints":{"allow":["GET"]}}],"collection":[{"href":"https:\/\/masquenoticiastucuman.com.ar\/index.php?rest_route=\/wp\/v2\/posts"}],"about":[{"href":"https:\/\/masquenoticiastucuman.com.ar\/index.php?rest_route=\/wp\/v2\/types\/post"}],"author":[{"embeddable":true,"href":"https:\/\/masquenoticiastucuman.com.ar\/index.php?rest_route=\/wp\/v2\/users\/1"}],"replies":[{"embeddable":true,"href":"https:\/\/masquenoticiastucuman.com.ar\/index.php?rest_route=%2Fwp%2Fv2%2Fcomments&post=20047"}],"version-history":[{"count":0,"href":"https:\/\/masquenoticiastucuman.com.ar\/index.php?rest_route=\/wp\/v2\/posts\/20047\/revisions"}],"wp:attachment":[{"href":"https:\/\/masquenoticiastucuman.com.ar\/index.php?rest_route=%2Fwp%2Fv2%2Fmedia&parent=20047"}],"wp:term":[{"taxonomy":"category","embeddable":true,"href":"https:\/\/masquenoticiastucuman.com.ar\/index.php?rest_route=%2Fwp%2Fv2%2Fcategories&post=20047"},{"taxonomy":"post_tag","embeddable":true,"href":"https:\/\/masquenoticiastucuman.com.ar\/index.php?rest_route=%2Fwp%2Fv2%2Ftags&post=20047"}],"curies":[{"name":"wp","href":"https:\/\/api.w.org\/{rel}","templated":true}]}}