{"id":20087,"date":"2025-01-23T13:01:04","date_gmt":"2025-01-23T16:01:04","guid":{"rendered":"http:\/\/masquenoticiastucuman.com.ar\/?p=20087"},"modified":"2025-01-23T13:01:04","modified_gmt":"2025-01-23T16:01:04","slug":"oscar-2025-nicole-kidman-y-angelina-jolie-afuera-de-las-nominaciones","status":"publish","type":"post","link":"https:\/\/masquenoticiastucuman.com.ar\/?p=20087","title":{"rendered":"Oscar 2025: Nicole Kidman y Angelina Jolie, afuera de las nominaciones"},"content":{"rendered":"<ul>\n<li>Asomaban como candidatas por sus trabajaos en &#8220;Babygirl&#8221; y en &#8220;Maria&#8221;, respectivamente, pero no figuran en la lista difundida este jueves.<\/li>\n<li>S\u00ed competir\u00e1n por una estatuilla a Mejor Actriz la espa\u00f1ola Karla Sofia Gasc\u00f3n y la brasile\u00f1a Fernanda Torres, entre otras.<\/li>\n<\/ul>","protected":false},"excerpt":{"rendered":"<p>Asomaban como candidatas por sus trabajaos en &#8220;Babygirl&#8221; y en &#8220;Maria&#8221;, respectivamente, pero no figuran&#8230;<\/p>\n","protected":false},"author":1,"featured_media":0,"comment_status":"open","ping_status":"open","sticky":false,"template":"","format":"standard","meta":{"footnotes":""},"categories":[5],"tags":[],"class_list":["post-20087","post","type-post","status-publish","format-standard","hentry","category-espectaculo"],"_links":{"self":[{"href":"https:\/\/masquenoticiastucuman.com.ar\/index.php?rest_route=\/wp\/v2\/posts\/20087","targetHints":{"allow":["GET"]}}],"collection":[{"href":"https:\/\/masquenoticiastucuman.com.ar\/index.php?rest_route=\/wp\/v2\/posts"}],"about":[{"href":"https:\/\/masquenoticiastucuman.com.ar\/index.php?rest_route=\/wp\/v2\/types\/post"}],"author":[{"embeddable":true,"href":"https:\/\/masquenoticiastucuman.com.ar\/index.php?rest_route=\/wp\/v2\/users\/1"}],"replies":[{"embeddable":true,"href":"https:\/\/masquenoticiastucuman.com.ar\/index.php?rest_route=%2Fwp%2Fv2%2Fcomments&post=20087"}],"version-history":[{"count":0,"href":"https:\/\/masquenoticiastucuman.com.ar\/index.php?rest_route=\/wp\/v2\/posts\/20087\/revisions"}],"wp:attachment":[{"href":"https:\/\/masquenoticiastucuman.com.ar\/index.php?rest_route=%2Fwp%2Fv2%2Fmedia&parent=20087"}],"wp:term":[{"taxonomy":"category","embeddable":true,"href":"https:\/\/masquenoticiastucuman.com.ar\/index.php?rest_route=%2Fwp%2Fv2%2Fcategories&post=20087"},{"taxonomy":"post_tag","embeddable":true,"href":"https:\/\/masquenoticiastucuman.com.ar\/index.php?rest_route=%2Fwp%2Fv2%2Ftags&post=20087"}],"curies":[{"name":"wp","href":"https:\/\/api.w.org\/{rel}","templated":true}]}}