{"id":20091,"date":"2025-01-23T13:01:07","date_gmt":"2025-01-23T16:01:07","guid":{"rendered":"http:\/\/masquenoticiastucuman.com.ar\/?p=20091"},"modified":"2025-01-23T13:01:07","modified_gmt":"2025-01-23T16:01:07","slug":"donald-trump-expresa-su-apoyo-total-a-israel-en-la-guerra-contra-hamas","status":"publish","type":"post","link":"https:\/\/masquenoticiastucuman.com.ar\/?p=20091","title":{"rendered":"Donald Trump expresa su apoyo total a Israel en la guerra contra Hamas"},"content":{"rendered":"<ul>\n<li>El jefe de la diplomacia de Estados Unidos, Marco Rubio, asegur\u00f3 que es una &#8220;prioridad m\u00e1xima&#8221; para el nuevo presidente.<\/li>\n<li>Sigue la tensi\u00f3n en Cisjordania por un gran operativo militar israel\u00ed contra milicias de Hamas y la Yihad Isl\u00e1mica.<\/li>\n<\/ul>","protected":false},"excerpt":{"rendered":"<p>El jefe de la diplomacia de Estados Unidos, Marco Rubio, asegur\u00f3 que es una &#8220;prioridad&#8230;<\/p>\n","protected":false},"author":1,"featured_media":0,"comment_status":"open","ping_status":"open","sticky":false,"template":"","format":"standard","meta":{"footnotes":""},"categories":[4],"tags":[],"class_list":["post-20091","post","type-post","status-publish","format-standard","hentry","category-internacionales"],"_links":{"self":[{"href":"https:\/\/masquenoticiastucuman.com.ar\/index.php?rest_route=\/wp\/v2\/posts\/20091","targetHints":{"allow":["GET"]}}],"collection":[{"href":"https:\/\/masquenoticiastucuman.com.ar\/index.php?rest_route=\/wp\/v2\/posts"}],"about":[{"href":"https:\/\/masquenoticiastucuman.com.ar\/index.php?rest_route=\/wp\/v2\/types\/post"}],"author":[{"embeddable":true,"href":"https:\/\/masquenoticiastucuman.com.ar\/index.php?rest_route=\/wp\/v2\/users\/1"}],"replies":[{"embeddable":true,"href":"https:\/\/masquenoticiastucuman.com.ar\/index.php?rest_route=%2Fwp%2Fv2%2Fcomments&post=20091"}],"version-history":[{"count":0,"href":"https:\/\/masquenoticiastucuman.com.ar\/index.php?rest_route=\/wp\/v2\/posts\/20091\/revisions"}],"wp:attachment":[{"href":"https:\/\/masquenoticiastucuman.com.ar\/index.php?rest_route=%2Fwp%2Fv2%2Fmedia&parent=20091"}],"wp:term":[{"taxonomy":"category","embeddable":true,"href":"https:\/\/masquenoticiastucuman.com.ar\/index.php?rest_route=%2Fwp%2Fv2%2Fcategories&post=20091"},{"taxonomy":"post_tag","embeddable":true,"href":"https:\/\/masquenoticiastucuman.com.ar\/index.php?rest_route=%2Fwp%2Fv2%2Ftags&post=20091"}],"curies":[{"name":"wp","href":"https:\/\/api.w.org\/{rel}","templated":true}]}}