{"id":20097,"date":"2025-01-23T14:01:05","date_gmt":"2025-01-23T17:01:05","guid":{"rendered":"http:\/\/masquenoticiastucuman.com.ar\/?p=20097"},"modified":"2025-01-23T14:01:05","modified_gmt":"2025-01-23T17:01:05","slug":"sobrevivientes-del-holocausto-alzan-su-voz-80-anos-despues-de-auschwitz","status":"publish","type":"post","link":"https:\/\/masquenoticiastucuman.com.ar\/?p=20097","title":{"rendered":"Sobrevivientes del Holocausto alzan su voz 80 a\u00f1os despu\u00e9s de Auschwitz"},"content":{"rendered":"<ul>\n<li>Ochenta a\u00f1os despu\u00e9s de la liberaci\u00f3n del campo de exterminio nazi de Auschwitz.<\/li>\n<li>Entre 1940 y 1945 fueron asesinadas m\u00e1s de 1,1 millones de personas.<\/li>\n<\/ul>","protected":false},"excerpt":{"rendered":"<p>Ochenta a\u00f1os despu\u00e9s de la liberaci\u00f3n del campo de exterminio nazi de Auschwitz. Entre 1940&#8230;<\/p>\n","protected":false},"author":1,"featured_media":0,"comment_status":"open","ping_status":"open","sticky":false,"template":"","format":"standard","meta":{"footnotes":""},"categories":[4],"tags":[],"class_list":["post-20097","post","type-post","status-publish","format-standard","hentry","category-internacionales"],"_links":{"self":[{"href":"https:\/\/masquenoticiastucuman.com.ar\/index.php?rest_route=\/wp\/v2\/posts\/20097","targetHints":{"allow":["GET"]}}],"collection":[{"href":"https:\/\/masquenoticiastucuman.com.ar\/index.php?rest_route=\/wp\/v2\/posts"}],"about":[{"href":"https:\/\/masquenoticiastucuman.com.ar\/index.php?rest_route=\/wp\/v2\/types\/post"}],"author":[{"embeddable":true,"href":"https:\/\/masquenoticiastucuman.com.ar\/index.php?rest_route=\/wp\/v2\/users\/1"}],"replies":[{"embeddable":true,"href":"https:\/\/masquenoticiastucuman.com.ar\/index.php?rest_route=%2Fwp%2Fv2%2Fcomments&post=20097"}],"version-history":[{"count":0,"href":"https:\/\/masquenoticiastucuman.com.ar\/index.php?rest_route=\/wp\/v2\/posts\/20097\/revisions"}],"wp:attachment":[{"href":"https:\/\/masquenoticiastucuman.com.ar\/index.php?rest_route=%2Fwp%2Fv2%2Fmedia&parent=20097"}],"wp:term":[{"taxonomy":"category","embeddable":true,"href":"https:\/\/masquenoticiastucuman.com.ar\/index.php?rest_route=%2Fwp%2Fv2%2Fcategories&post=20097"},{"taxonomy":"post_tag","embeddable":true,"href":"https:\/\/masquenoticiastucuman.com.ar\/index.php?rest_route=%2Fwp%2Fv2%2Ftags&post=20097"}],"curies":[{"name":"wp","href":"https:\/\/api.w.org\/{rel}","templated":true}]}}