{"id":20113,"date":"2025-01-23T18:01:07","date_gmt":"2025-01-23T21:01:07","guid":{"rendered":"http:\/\/masquenoticiastucuman.com.ar\/?p=20113"},"modified":"2025-01-23T18:01:07","modified_gmt":"2025-01-23T21:01:07","slug":"espana-la-derecha-y-el-independentismo-catalan-se-unen-contra-pedro-sanchez","status":"publish","type":"post","link":"https:\/\/masquenoticiastucuman.com.ar\/?p=20113","title":{"rendered":"Espa\u00f1a: la derecha y el independentismo catal\u00e1n se unen contra Pedro S\u00e1nchez"},"content":{"rendered":"<ul>\n<li>El Partido Popular, el ultraderechista Vox y el separatista Junts per Catalunya votaron contra un decreto \u00f3mnibus del presidente.<\/li>\n<li>El l\u00edder del gobierno de centroizquierda pierde apoyo y su gesti\u00f3n est\u00e1 cada vez m\u00e1s presionada.<\/li>\n<\/ul>","protected":false},"excerpt":{"rendered":"<p>El Partido Popular, el ultraderechista Vox y el separatista Junts per Catalunya votaron contra un&#8230;<\/p>\n","protected":false},"author":1,"featured_media":0,"comment_status":"open","ping_status":"open","sticky":false,"template":"","format":"standard","meta":{"footnotes":""},"categories":[4],"tags":[],"class_list":["post-20113","post","type-post","status-publish","format-standard","hentry","category-internacionales"],"_links":{"self":[{"href":"https:\/\/masquenoticiastucuman.com.ar\/index.php?rest_route=\/wp\/v2\/posts\/20113","targetHints":{"allow":["GET"]}}],"collection":[{"href":"https:\/\/masquenoticiastucuman.com.ar\/index.php?rest_route=\/wp\/v2\/posts"}],"about":[{"href":"https:\/\/masquenoticiastucuman.com.ar\/index.php?rest_route=\/wp\/v2\/types\/post"}],"author":[{"embeddable":true,"href":"https:\/\/masquenoticiastucuman.com.ar\/index.php?rest_route=\/wp\/v2\/users\/1"}],"replies":[{"embeddable":true,"href":"https:\/\/masquenoticiastucuman.com.ar\/index.php?rest_route=%2Fwp%2Fv2%2Fcomments&post=20113"}],"version-history":[{"count":0,"href":"https:\/\/masquenoticiastucuman.com.ar\/index.php?rest_route=\/wp\/v2\/posts\/20113\/revisions"}],"wp:attachment":[{"href":"https:\/\/masquenoticiastucuman.com.ar\/index.php?rest_route=%2Fwp%2Fv2%2Fmedia&parent=20113"}],"wp:term":[{"taxonomy":"category","embeddable":true,"href":"https:\/\/masquenoticiastucuman.com.ar\/index.php?rest_route=%2Fwp%2Fv2%2Fcategories&post=20113"},{"taxonomy":"post_tag","embeddable":true,"href":"https:\/\/masquenoticiastucuman.com.ar\/index.php?rest_route=%2Fwp%2Fv2%2Ftags&post=20113"}],"curies":[{"name":"wp","href":"https:\/\/api.w.org\/{rel}","templated":true}]}}