{"id":20119,"date":"2025-01-23T19:01:05","date_gmt":"2025-01-23T22:01:05","guid":{"rendered":"http:\/\/masquenoticiastucuman.com.ar\/?p=20119"},"modified":"2025-01-23T19:01:05","modified_gmt":"2025-01-23T22:01:05","slug":"donald-trump-ordeno-desclasificar-archivos-sobre-los-asesinatos-de-los-kennedy-y-martin-luther-king","status":"publish","type":"post","link":"https:\/\/masquenoticiastucuman.com.ar\/?p=20119","title":{"rendered":"Donald Trump orden\u00f3 desclasificar archivos sobre los asesinatos de los Kennedy y Martin Luther King"},"content":{"rendered":"<ul>\n<li>Lo firm\u00f3 este jueves el presidente de Estados Unidos.<\/li>\n<li>Los tres cr\u00edmenes se produjeron en los a\u00f1os sesenta y despertaron todo tipo de teor\u00edas conspirativas.<\/li>\n<li>&#8220;Todo se va a revelar&#8221;, dijo el republicano.<\/li>\n<\/ul>","protected":false},"excerpt":{"rendered":"<p>Lo firm\u00f3 este jueves el presidente de Estados Unidos. Los tres cr\u00edmenes se produjeron en&#8230;<\/p>\n","protected":false},"author":1,"featured_media":0,"comment_status":"open","ping_status":"open","sticky":false,"template":"","format":"standard","meta":{"footnotes":""},"categories":[4],"tags":[],"class_list":["post-20119","post","type-post","status-publish","format-standard","hentry","category-internacionales"],"_links":{"self":[{"href":"https:\/\/masquenoticiastucuman.com.ar\/index.php?rest_route=\/wp\/v2\/posts\/20119","targetHints":{"allow":["GET"]}}],"collection":[{"href":"https:\/\/masquenoticiastucuman.com.ar\/index.php?rest_route=\/wp\/v2\/posts"}],"about":[{"href":"https:\/\/masquenoticiastucuman.com.ar\/index.php?rest_route=\/wp\/v2\/types\/post"}],"author":[{"embeddable":true,"href":"https:\/\/masquenoticiastucuman.com.ar\/index.php?rest_route=\/wp\/v2\/users\/1"}],"replies":[{"embeddable":true,"href":"https:\/\/masquenoticiastucuman.com.ar\/index.php?rest_route=%2Fwp%2Fv2%2Fcomments&post=20119"}],"version-history":[{"count":0,"href":"https:\/\/masquenoticiastucuman.com.ar\/index.php?rest_route=\/wp\/v2\/posts\/20119\/revisions"}],"wp:attachment":[{"href":"https:\/\/masquenoticiastucuman.com.ar\/index.php?rest_route=%2Fwp%2Fv2%2Fmedia&parent=20119"}],"wp:term":[{"taxonomy":"category","embeddable":true,"href":"https:\/\/masquenoticiastucuman.com.ar\/index.php?rest_route=%2Fwp%2Fv2%2Fcategories&post=20119"},{"taxonomy":"post_tag","embeddable":true,"href":"https:\/\/masquenoticiastucuman.com.ar\/index.php?rest_route=%2Fwp%2Fv2%2Ftags&post=20119"}],"curies":[{"name":"wp","href":"https:\/\/api.w.org\/{rel}","templated":true}]}}