{"id":20127,"date":"2025-01-23T21:01:03","date_gmt":"2025-01-24T00:01:03","guid":{"rendered":"http:\/\/masquenoticiastucuman.com.ar\/?p=20127"},"modified":"2025-01-23T21:01:03","modified_gmt":"2025-01-24T00:01:03","slug":"el-gobierno-de-cordoba-aplaudio-y-agradecio-la-baja-de-retenciones","status":"publish","type":"post","link":"https:\/\/masquenoticiastucuman.com.ar\/?p=20127","title":{"rendered":"El gobierno de C\u00f3rdoba aplaudi\u00f3 y agradeci\u00f3 la baja de retenciones"},"content":{"rendered":"<ul>\n<li>El gobernador Mart\u00edn Llaryora afirm\u00f3 que es un alivio para un sector que atraviesa una dif\u00edcil coyuntura. <\/li>\n<li>Adem\u00e1s destac\u00f3 el esfuerzo fiscal que viene realizando esa provincia.<\/li>\n<\/ul>","protected":false},"excerpt":{"rendered":"<p>El gobernador Mart\u00edn Llaryora afirm\u00f3 que es un alivio para un sector que atraviesa una&#8230;<\/p>\n","protected":false},"author":1,"featured_media":0,"comment_status":"open","ping_status":"open","sticky":false,"template":"","format":"standard","meta":{"footnotes":""},"categories":[1],"tags":[],"class_list":["post-20127","post","type-post","status-publish","format-standard","hentry","category-uncategorized"],"_links":{"self":[{"href":"https:\/\/masquenoticiastucuman.com.ar\/index.php?rest_route=\/wp\/v2\/posts\/20127","targetHints":{"allow":["GET"]}}],"collection":[{"href":"https:\/\/masquenoticiastucuman.com.ar\/index.php?rest_route=\/wp\/v2\/posts"}],"about":[{"href":"https:\/\/masquenoticiastucuman.com.ar\/index.php?rest_route=\/wp\/v2\/types\/post"}],"author":[{"embeddable":true,"href":"https:\/\/masquenoticiastucuman.com.ar\/index.php?rest_route=\/wp\/v2\/users\/1"}],"replies":[{"embeddable":true,"href":"https:\/\/masquenoticiastucuman.com.ar\/index.php?rest_route=%2Fwp%2Fv2%2Fcomments&post=20127"}],"version-history":[{"count":0,"href":"https:\/\/masquenoticiastucuman.com.ar\/index.php?rest_route=\/wp\/v2\/posts\/20127\/revisions"}],"wp:attachment":[{"href":"https:\/\/masquenoticiastucuman.com.ar\/index.php?rest_route=%2Fwp%2Fv2%2Fmedia&parent=20127"}],"wp:term":[{"taxonomy":"category","embeddable":true,"href":"https:\/\/masquenoticiastucuman.com.ar\/index.php?rest_route=%2Fwp%2Fv2%2Fcategories&post=20127"},{"taxonomy":"post_tag","embeddable":true,"href":"https:\/\/masquenoticiastucuman.com.ar\/index.php?rest_route=%2Fwp%2Fv2%2Ftags&post=20127"}],"curies":[{"name":"wp","href":"https:\/\/api.w.org\/{rel}","templated":true}]}}