{"id":20137,"date":"2025-01-23T22:01:05","date_gmt":"2025-01-24T01:01:05","guid":{"rendered":"http:\/\/masquenoticiastucuman.com.ar\/?p=20137"},"modified":"2025-01-23T22:01:05","modified_gmt":"2025-01-24T01:01:05","slug":"san-lorenzo-sufre-por-la-baja-de-iker-muniain-por-que-el-vasco-no-estara-en-el-debut-ante-talleres","status":"publish","type":"post","link":"https:\/\/masquenoticiastucuman.com.ar\/?p=20137","title":{"rendered":"San Lorenzo sufre por la baja de Iker Muniain: por qu\u00e9 el vasco no estar\u00e1 en el debut ante Talleres"},"content":{"rendered":"<ul>\n<li>Por ahora no hubo un parte m\u00e9dico oficial, pero el espa\u00f1ol sufri\u00f3 una molestia muscular.<\/li>\n<li>Este viernes le realizar\u00e1n estudios para conocer la gravedad de la lesi\u00f3n.<\/li>\n<li>Se perder\u00e1 el partido de este s\u00e1bado y est\u00e1 en duda para visitar a Gimnasia, el mi\u00e9rcoles.<\/li>\n<\/ul>","protected":false},"excerpt":{"rendered":"<p>Por ahora no hubo un parte m\u00e9dico oficial, pero el espa\u00f1ol sufri\u00f3 una molestia muscular&#8230;.<\/p>\n","protected":false},"author":1,"featured_media":0,"comment_status":"open","ping_status":"open","sticky":false,"template":"","format":"standard","meta":{"footnotes":""},"categories":[6],"tags":[],"class_list":["post-20137","post","type-post","status-publish","format-standard","hentry","category-deportes"],"_links":{"self":[{"href":"https:\/\/masquenoticiastucuman.com.ar\/index.php?rest_route=\/wp\/v2\/posts\/20137","targetHints":{"allow":["GET"]}}],"collection":[{"href":"https:\/\/masquenoticiastucuman.com.ar\/index.php?rest_route=\/wp\/v2\/posts"}],"about":[{"href":"https:\/\/masquenoticiastucuman.com.ar\/index.php?rest_route=\/wp\/v2\/types\/post"}],"author":[{"embeddable":true,"href":"https:\/\/masquenoticiastucuman.com.ar\/index.php?rest_route=\/wp\/v2\/users\/1"}],"replies":[{"embeddable":true,"href":"https:\/\/masquenoticiastucuman.com.ar\/index.php?rest_route=%2Fwp%2Fv2%2Fcomments&post=20137"}],"version-history":[{"count":0,"href":"https:\/\/masquenoticiastucuman.com.ar\/index.php?rest_route=\/wp\/v2\/posts\/20137\/revisions"}],"wp:attachment":[{"href":"https:\/\/masquenoticiastucuman.com.ar\/index.php?rest_route=%2Fwp%2Fv2%2Fmedia&parent=20137"}],"wp:term":[{"taxonomy":"category","embeddable":true,"href":"https:\/\/masquenoticiastucuman.com.ar\/index.php?rest_route=%2Fwp%2Fv2%2Fcategories&post=20137"},{"taxonomy":"post_tag","embeddable":true,"href":"https:\/\/masquenoticiastucuman.com.ar\/index.php?rest_route=%2Fwp%2Fv2%2Ftags&post=20137"}],"curies":[{"name":"wp","href":"https:\/\/api.w.org\/{rel}","templated":true}]}}