{"id":20153,"date":"2025-01-24T04:01:04","date_gmt":"2025-01-24T07:01:04","guid":{"rendered":"http:\/\/masquenoticiastucuman.com.ar\/?p=20153"},"modified":"2025-01-24T04:01:04","modified_gmt":"2025-01-24T07:01:04","slug":"a-pocos-dias-de-la-asuncion-de-trump-estados-unidos-arresto-a-538-inmigrantes-ilegales-y-deporto-del-pais-a-otros-cientos","status":"publish","type":"post","link":"https:\/\/masquenoticiastucuman.com.ar\/?p=20153","title":{"rendered":"A pocos d\u00edas de la asunci\u00f3n de Trump, Estados Unidos arrest\u00f3 a &#8220;538 inmigrantes ilegales&#8221; y deport\u00f3 del pa\u00eds a otros &#8220;cientos&#8221;"},"content":{"rendered":"<ul>\n<li>Lo confirm\u00f3 la secretaria de prensa, Karoline Leavitt, a trav\u00e9s de la red social X.<\/li>\n<li>Entre los expulsados, se inform\u00f3 que hay un sospechoso de terrorismo, cuatro miembros de una banda criminal y varios condenados por cr\u00edmenes sexuales contra menores.<\/li>\n<\/ul>","protected":false},"excerpt":{"rendered":"<p>Lo confirm\u00f3 la secretaria de prensa, Karoline Leavitt, a trav\u00e9s de la red social X&#8230;.<\/p>\n","protected":false},"author":1,"featured_media":0,"comment_status":"open","ping_status":"open","sticky":false,"template":"","format":"standard","meta":{"footnotes":""},"categories":[4],"tags":[],"class_list":["post-20153","post","type-post","status-publish","format-standard","hentry","category-internacionales"],"_links":{"self":[{"href":"https:\/\/masquenoticiastucuman.com.ar\/index.php?rest_route=\/wp\/v2\/posts\/20153","targetHints":{"allow":["GET"]}}],"collection":[{"href":"https:\/\/masquenoticiastucuman.com.ar\/index.php?rest_route=\/wp\/v2\/posts"}],"about":[{"href":"https:\/\/masquenoticiastucuman.com.ar\/index.php?rest_route=\/wp\/v2\/types\/post"}],"author":[{"embeddable":true,"href":"https:\/\/masquenoticiastucuman.com.ar\/index.php?rest_route=\/wp\/v2\/users\/1"}],"replies":[{"embeddable":true,"href":"https:\/\/masquenoticiastucuman.com.ar\/index.php?rest_route=%2Fwp%2Fv2%2Fcomments&post=20153"}],"version-history":[{"count":0,"href":"https:\/\/masquenoticiastucuman.com.ar\/index.php?rest_route=\/wp\/v2\/posts\/20153\/revisions"}],"wp:attachment":[{"href":"https:\/\/masquenoticiastucuman.com.ar\/index.php?rest_route=%2Fwp%2Fv2%2Fmedia&parent=20153"}],"wp:term":[{"taxonomy":"category","embeddable":true,"href":"https:\/\/masquenoticiastucuman.com.ar\/index.php?rest_route=%2Fwp%2Fv2%2Fcategories&post=20153"},{"taxonomy":"post_tag","embeddable":true,"href":"https:\/\/masquenoticiastucuman.com.ar\/index.php?rest_route=%2Fwp%2Fv2%2Ftags&post=20153"}],"curies":[{"name":"wp","href":"https:\/\/api.w.org\/{rel}","templated":true}]}}