{"id":20169,"date":"2025-01-24T07:01:07","date_gmt":"2025-01-24T10:01:07","guid":{"rendered":"http:\/\/masquenoticiastucuman.com.ar\/?p=20169"},"modified":"2025-01-24T07:01:07","modified_gmt":"2025-01-24T10:01:07","slug":"donald-trump-despuesdel-huracan","status":"publish","type":"post","link":"https:\/\/masquenoticiastucuman.com.ar\/?p=20169","title":{"rendered":"Donald Trump, despu\u00e9s\ndel hurac\u00e1n"},"content":{"rendered":"<p>La asunci\u00f3n y el aluvi\u00f3n de decretos se mezcl\u00f3 con un \u00e9xito inicial importante en la tregua en Oriente Medio, mediada por el magnate, y la confusi\u00f3n de medidas sobre migraci\u00f3n, ultranacionalismo y de expansi\u00f3n territorial que tanto sorprenden como parecen ef\u00edmeras<\/p>","protected":false},"excerpt":{"rendered":"<p>La asunci\u00f3n y el aluvi\u00f3n de decretos se mezcl\u00f3 con un \u00e9xito inicial importante en&#8230;<\/p>\n","protected":false},"author":1,"featured_media":0,"comment_status":"open","ping_status":"open","sticky":false,"template":"","format":"standard","meta":{"footnotes":""},"categories":[4],"tags":[],"class_list":["post-20169","post","type-post","status-publish","format-standard","hentry","category-internacionales"],"_links":{"self":[{"href":"https:\/\/masquenoticiastucuman.com.ar\/index.php?rest_route=\/wp\/v2\/posts\/20169","targetHints":{"allow":["GET"]}}],"collection":[{"href":"https:\/\/masquenoticiastucuman.com.ar\/index.php?rest_route=\/wp\/v2\/posts"}],"about":[{"href":"https:\/\/masquenoticiastucuman.com.ar\/index.php?rest_route=\/wp\/v2\/types\/post"}],"author":[{"embeddable":true,"href":"https:\/\/masquenoticiastucuman.com.ar\/index.php?rest_route=\/wp\/v2\/users\/1"}],"replies":[{"embeddable":true,"href":"https:\/\/masquenoticiastucuman.com.ar\/index.php?rest_route=%2Fwp%2Fv2%2Fcomments&post=20169"}],"version-history":[{"count":0,"href":"https:\/\/masquenoticiastucuman.com.ar\/index.php?rest_route=\/wp\/v2\/posts\/20169\/revisions"}],"wp:attachment":[{"href":"https:\/\/masquenoticiastucuman.com.ar\/index.php?rest_route=%2Fwp%2Fv2%2Fmedia&parent=20169"}],"wp:term":[{"taxonomy":"category","embeddable":true,"href":"https:\/\/masquenoticiastucuman.com.ar\/index.php?rest_route=%2Fwp%2Fv2%2Fcategories&post=20169"},{"taxonomy":"post_tag","embeddable":true,"href":"https:\/\/masquenoticiastucuman.com.ar\/index.php?rest_route=%2Fwp%2Fv2%2Ftags&post=20169"}],"curies":[{"name":"wp","href":"https:\/\/api.w.org\/{rel}","templated":true}]}}