{"id":20175,"date":"2025-01-24T10:01:03","date_gmt":"2025-01-24T13:01:03","guid":{"rendered":"http:\/\/masquenoticiastucuman.com.ar\/?p=20175"},"modified":"2025-01-24T10:01:03","modified_gmt":"2025-01-24T13:01:03","slug":"murio-gustavo-cisneros-el-dt-que-jamas-dejo-de-trabajar-mientras-peleaba-contra-un-cancer","status":"publish","type":"post","link":"https:\/\/masquenoticiastucuman.com.ar\/?p=20175","title":{"rendered":"Muri\u00f3 Gustavo Cisneros, el DT que jam\u00e1s dej\u00f3 de trabajar mientras peleaba contra un c\u00e1ncer"},"content":{"rendered":"<ul>\n<li>Ten\u00eda 56 a\u00f1os y peleaba desde hace largo tiempo contra la enfermedad.<\/li>\n<li>Su fallecimiento fue anunciado por F\u00e9nix, donde se desempe\u00f1aba como m\u00e1nager.<\/li>\n<\/ul>","protected":false},"excerpt":{"rendered":"<p>Ten\u00eda 56 a\u00f1os y peleaba desde hace largo tiempo contra la enfermedad. Su fallecimiento fue&#8230;<\/p>\n","protected":false},"author":1,"featured_media":0,"comment_status":"open","ping_status":"open","sticky":false,"template":"","format":"standard","meta":{"footnotes":""},"categories":[6],"tags":[],"class_list":["post-20175","post","type-post","status-publish","format-standard","hentry","category-deportes"],"_links":{"self":[{"href":"https:\/\/masquenoticiastucuman.com.ar\/index.php?rest_route=\/wp\/v2\/posts\/20175","targetHints":{"allow":["GET"]}}],"collection":[{"href":"https:\/\/masquenoticiastucuman.com.ar\/index.php?rest_route=\/wp\/v2\/posts"}],"about":[{"href":"https:\/\/masquenoticiastucuman.com.ar\/index.php?rest_route=\/wp\/v2\/types\/post"}],"author":[{"embeddable":true,"href":"https:\/\/masquenoticiastucuman.com.ar\/index.php?rest_route=\/wp\/v2\/users\/1"}],"replies":[{"embeddable":true,"href":"https:\/\/masquenoticiastucuman.com.ar\/index.php?rest_route=%2Fwp%2Fv2%2Fcomments&post=20175"}],"version-history":[{"count":0,"href":"https:\/\/masquenoticiastucuman.com.ar\/index.php?rest_route=\/wp\/v2\/posts\/20175\/revisions"}],"wp:attachment":[{"href":"https:\/\/masquenoticiastucuman.com.ar\/index.php?rest_route=%2Fwp%2Fv2%2Fmedia&parent=20175"}],"wp:term":[{"taxonomy":"category","embeddable":true,"href":"https:\/\/masquenoticiastucuman.com.ar\/index.php?rest_route=%2Fwp%2Fv2%2Fcategories&post=20175"},{"taxonomy":"post_tag","embeddable":true,"href":"https:\/\/masquenoticiastucuman.com.ar\/index.php?rest_route=%2Fwp%2Fv2%2Ftags&post=20175"}],"curies":[{"name":"wp","href":"https:\/\/api.w.org\/{rel}","templated":true}]}}