{"id":20189,"date":"2025-01-24T13:01:02","date_gmt":"2025-01-24T16:01:02","guid":{"rendered":"http:\/\/masquenoticiastucuman.com.ar\/?p=20189"},"modified":"2025-01-24T13:01:02","modified_gmt":"2025-01-24T16:01:02","slug":"un-paso-en-la-direccion-correcta-la-mesa-de-enlace-celebro-la-baja-de-retenciones-pero-reclamo-la-quita-definitiva","status":"publish","type":"post","link":"https:\/\/masquenoticiastucuman.com.ar\/?p=20189","title":{"rendered":"&#8220;Un paso en la direcci\u00f3n correcta&#8221;: La Mesa de Enlace celebr\u00f3 la baja de retenciones pero reclam\u00f3 la quita definitiva"},"content":{"rendered":"<ul>\n<li>Las entidades del campo ya hab\u00edan advertido sobre la situaci\u00f3n generada por la sequ\u00eda y la baja de los precios internacionales. <\/li>\n<li>Pidieron que se avance hacia &#8220;un cambio estructural que garantice las condiciones para fomentar la inversi\u00f3n y el desarrollo genuino&#8221;.<\/li>\n<\/ul>","protected":false},"excerpt":{"rendered":"<p>Las entidades del campo ya hab\u00edan advertido sobre la situaci\u00f3n generada por la sequ\u00eda y&#8230;<\/p>\n","protected":false},"author":1,"featured_media":0,"comment_status":"open","ping_status":"open","sticky":false,"template":"","format":"standard","meta":{"footnotes":""},"categories":[1],"tags":[],"class_list":["post-20189","post","type-post","status-publish","format-standard","hentry","category-uncategorized"],"_links":{"self":[{"href":"https:\/\/masquenoticiastucuman.com.ar\/index.php?rest_route=\/wp\/v2\/posts\/20189","targetHints":{"allow":["GET"]}}],"collection":[{"href":"https:\/\/masquenoticiastucuman.com.ar\/index.php?rest_route=\/wp\/v2\/posts"}],"about":[{"href":"https:\/\/masquenoticiastucuman.com.ar\/index.php?rest_route=\/wp\/v2\/types\/post"}],"author":[{"embeddable":true,"href":"https:\/\/masquenoticiastucuman.com.ar\/index.php?rest_route=\/wp\/v2\/users\/1"}],"replies":[{"embeddable":true,"href":"https:\/\/masquenoticiastucuman.com.ar\/index.php?rest_route=%2Fwp%2Fv2%2Fcomments&post=20189"}],"version-history":[{"count":0,"href":"https:\/\/masquenoticiastucuman.com.ar\/index.php?rest_route=\/wp\/v2\/posts\/20189\/revisions"}],"wp:attachment":[{"href":"https:\/\/masquenoticiastucuman.com.ar\/index.php?rest_route=%2Fwp%2Fv2%2Fmedia&parent=20189"}],"wp:term":[{"taxonomy":"category","embeddable":true,"href":"https:\/\/masquenoticiastucuman.com.ar\/index.php?rest_route=%2Fwp%2Fv2%2Fcategories&post=20189"},{"taxonomy":"post_tag","embeddable":true,"href":"https:\/\/masquenoticiastucuman.com.ar\/index.php?rest_route=%2Fwp%2Fv2%2Ftags&post=20189"}],"curies":[{"name":"wp","href":"https:\/\/api.w.org\/{rel}","templated":true}]}}