{"id":20193,"date":"2025-01-24T13:01:05","date_gmt":"2025-01-24T16:01:05","guid":{"rendered":"http:\/\/masquenoticiastucuman.com.ar\/?p=20193"},"modified":"2025-01-24T13:01:05","modified_gmt":"2025-01-24T16:01:05","slug":"diego-simeone-lleno-de-elogios-a-su-hijo-giuliano-figura-en-el-atletico-de-madrid-pero-revelo-que-le-exige-para-seguir-creciendo","status":"publish","type":"post","link":"https:\/\/masquenoticiastucuman.com.ar\/?p=20193","title":{"rendered":"Diego Simeone llen\u00f3 de elogios a su hijo Giuliano, figura en el Atl\u00e9tico de Madrid pero revel\u00f3 qu\u00e9 le exige para &#8220;seguir creciendo&#8221;"},"content":{"rendered":"<ul>\n<li>&#8220;Tiene entusiasmo, valent\u00eda, generosidad, humildad&#8230;&#8221;, dijo sobre el extremo derecho.<\/li>\n<li>Tras dos temporadas cedido, arranc\u00f3 como suplente y se gan\u00f3 un lugar en un equipo que pelea todo.<\/li>\n<li>Tiene 22 a\u00f1os y ya fue convocado por Scaloni pero el Cholo tiene claro en qu\u00e9 debe mejorar.<\/li>\n<\/ul>","protected":false},"excerpt":{"rendered":"<p>&#8220;Tiene entusiasmo, valent\u00eda, generosidad, humildad&#8230;&#8221;, dijo sobre el extremo derecho. Tras dos temporadas cedido, arranc\u00f3&#8230;<\/p>\n","protected":false},"author":1,"featured_media":0,"comment_status":"open","ping_status":"open","sticky":false,"template":"","format":"standard","meta":{"footnotes":""},"categories":[6],"tags":[],"class_list":["post-20193","post","type-post","status-publish","format-standard","hentry","category-deportes"],"_links":{"self":[{"href":"https:\/\/masquenoticiastucuman.com.ar\/index.php?rest_route=\/wp\/v2\/posts\/20193","targetHints":{"allow":["GET"]}}],"collection":[{"href":"https:\/\/masquenoticiastucuman.com.ar\/index.php?rest_route=\/wp\/v2\/posts"}],"about":[{"href":"https:\/\/masquenoticiastucuman.com.ar\/index.php?rest_route=\/wp\/v2\/types\/post"}],"author":[{"embeddable":true,"href":"https:\/\/masquenoticiastucuman.com.ar\/index.php?rest_route=\/wp\/v2\/users\/1"}],"replies":[{"embeddable":true,"href":"https:\/\/masquenoticiastucuman.com.ar\/index.php?rest_route=%2Fwp%2Fv2%2Fcomments&post=20193"}],"version-history":[{"count":0,"href":"https:\/\/masquenoticiastucuman.com.ar\/index.php?rest_route=\/wp\/v2\/posts\/20193\/revisions"}],"wp:attachment":[{"href":"https:\/\/masquenoticiastucuman.com.ar\/index.php?rest_route=%2Fwp%2Fv2%2Fmedia&parent=20193"}],"wp:term":[{"taxonomy":"category","embeddable":true,"href":"https:\/\/masquenoticiastucuman.com.ar\/index.php?rest_route=%2Fwp%2Fv2%2Fcategories&post=20193"},{"taxonomy":"post_tag","embeddable":true,"href":"https:\/\/masquenoticiastucuman.com.ar\/index.php?rest_route=%2Fwp%2Fv2%2Ftags&post=20193"}],"curies":[{"name":"wp","href":"https:\/\/api.w.org\/{rel}","templated":true}]}}