{"id":20197,"date":"2025-01-24T14:01:04","date_gmt":"2025-01-24T17:01:04","guid":{"rendered":"http:\/\/masquenoticiastucuman.com.ar\/?p=20197"},"modified":"2025-01-24T14:01:04","modified_gmt":"2025-01-24T17:01:04","slug":"ander-herrera-deslumbro-en-su-primera-conferencia-en-boca-el-mensaje-de-paredes-su-ilusion-de-hincha-y-el-detras-de-escena-de-su-llegada","status":"publish","type":"post","link":"https:\/\/masquenoticiastucuman.com.ar\/?p=20197","title":{"rendered":"Ander Herrera deslumbr\u00f3 en su primera conferencia en Boca: el mensaje de Paredes, su ilusi\u00f3n de hincha y el detr\u00e1s de escena de su llegada"},"content":{"rendered":"<ul>\n<li>Al futbolista espa\u00f1ol lo llaman &#8220;piquito de oro&#8221; en su pa\u00eds por la claridad en sus conceptos.<\/li>\n<li>Tras debutar en la cancha, lo hizo frente a la prensa, con una charla llena de t\u00edtulos.<\/li>\n<li>&#8220;Quer\u00eda terminar mi carrera y decir jugu\u00e9 en este club&#8221;, coment\u00f3 con orgullo.<\/li>\n<\/ul>","protected":false},"excerpt":{"rendered":"<p>Al futbolista espa\u00f1ol lo llaman &#8220;piquito de oro&#8221; en su pa\u00eds por la claridad en&#8230;<\/p>\n","protected":false},"author":1,"featured_media":0,"comment_status":"open","ping_status":"open","sticky":false,"template":"","format":"standard","meta":{"footnotes":""},"categories":[6],"tags":[],"class_list":["post-20197","post","type-post","status-publish","format-standard","hentry","category-deportes"],"_links":{"self":[{"href":"https:\/\/masquenoticiastucuman.com.ar\/index.php?rest_route=\/wp\/v2\/posts\/20197","targetHints":{"allow":["GET"]}}],"collection":[{"href":"https:\/\/masquenoticiastucuman.com.ar\/index.php?rest_route=\/wp\/v2\/posts"}],"about":[{"href":"https:\/\/masquenoticiastucuman.com.ar\/index.php?rest_route=\/wp\/v2\/types\/post"}],"author":[{"embeddable":true,"href":"https:\/\/masquenoticiastucuman.com.ar\/index.php?rest_route=\/wp\/v2\/users\/1"}],"replies":[{"embeddable":true,"href":"https:\/\/masquenoticiastucuman.com.ar\/index.php?rest_route=%2Fwp%2Fv2%2Fcomments&post=20197"}],"version-history":[{"count":0,"href":"https:\/\/masquenoticiastucuman.com.ar\/index.php?rest_route=\/wp\/v2\/posts\/20197\/revisions"}],"wp:attachment":[{"href":"https:\/\/masquenoticiastucuman.com.ar\/index.php?rest_route=%2Fwp%2Fv2%2Fmedia&parent=20197"}],"wp:term":[{"taxonomy":"category","embeddable":true,"href":"https:\/\/masquenoticiastucuman.com.ar\/index.php?rest_route=%2Fwp%2Fv2%2Fcategories&post=20197"},{"taxonomy":"post_tag","embeddable":true,"href":"https:\/\/masquenoticiastucuman.com.ar\/index.php?rest_route=%2Fwp%2Fv2%2Ftags&post=20197"}],"curies":[{"name":"wp","href":"https:\/\/api.w.org\/{rel}","templated":true}]}}