{"id":20199,"date":"2025-01-24T14:01:05","date_gmt":"2025-01-24T17:01:05","guid":{"rendered":"http:\/\/masquenoticiastucuman.com.ar\/?p=20199"},"modified":"2025-01-24T14:01:05","modified_gmt":"2025-01-24T17:01:05","slug":"hamas-anuncio-el-nombre-de-las-rehenes-israelies-que-seran-liberadas-el-sabado-son-todas-soldados","status":"publish","type":"post","link":"https:\/\/masquenoticiastucuman.com.ar\/?p=20199","title":{"rendered":"Hamas anunci\u00f3 el nombre de las rehenes israel\u00edes que ser\u00e1n liberadas el s\u00e1bado: son todas soldados"},"content":{"rendered":"<ul>\n<li>Se trata de Liri Albag, Karina Ariev, Daniella Gilboa y Naama Levy.<\/li>\n<li>El domingo pasado, el grupo palestino liber\u00f3 a otras tres mujeres.<\/li>\n<\/ul>","protected":false},"excerpt":{"rendered":"<p>Se trata de Liri Albag, Karina Ariev, Daniella Gilboa y Naama Levy. El domingo pasado,&#8230;<\/p>\n","protected":false},"author":1,"featured_media":0,"comment_status":"open","ping_status":"open","sticky":false,"template":"","format":"standard","meta":{"footnotes":""},"categories":[4],"tags":[],"class_list":["post-20199","post","type-post","status-publish","format-standard","hentry","category-internacionales"],"_links":{"self":[{"href":"https:\/\/masquenoticiastucuman.com.ar\/index.php?rest_route=\/wp\/v2\/posts\/20199","targetHints":{"allow":["GET"]}}],"collection":[{"href":"https:\/\/masquenoticiastucuman.com.ar\/index.php?rest_route=\/wp\/v2\/posts"}],"about":[{"href":"https:\/\/masquenoticiastucuman.com.ar\/index.php?rest_route=\/wp\/v2\/types\/post"}],"author":[{"embeddable":true,"href":"https:\/\/masquenoticiastucuman.com.ar\/index.php?rest_route=\/wp\/v2\/users\/1"}],"replies":[{"embeddable":true,"href":"https:\/\/masquenoticiastucuman.com.ar\/index.php?rest_route=%2Fwp%2Fv2%2Fcomments&post=20199"}],"version-history":[{"count":0,"href":"https:\/\/masquenoticiastucuman.com.ar\/index.php?rest_route=\/wp\/v2\/posts\/20199\/revisions"}],"wp:attachment":[{"href":"https:\/\/masquenoticiastucuman.com.ar\/index.php?rest_route=%2Fwp%2Fv2%2Fmedia&parent=20199"}],"wp:term":[{"taxonomy":"category","embeddable":true,"href":"https:\/\/masquenoticiastucuman.com.ar\/index.php?rest_route=%2Fwp%2Fv2%2Fcategories&post=20199"},{"taxonomy":"post_tag","embeddable":true,"href":"https:\/\/masquenoticiastucuman.com.ar\/index.php?rest_route=%2Fwp%2Fv2%2Ftags&post=20199"}],"curies":[{"name":"wp","href":"https:\/\/api.w.org\/{rel}","templated":true}]}}