{"id":20271,"date":"2025-01-25T08:01:03","date_gmt":"2025-01-25T11:01:03","guid":{"rendered":"http:\/\/masquenoticiastucuman.com.ar\/?p=20271"},"modified":"2025-01-25T08:01:03","modified_gmt":"2025-01-25T11:01:03","slug":"hamas-libero-a-las-cuatro-soldados-israelies-en-gaza-cruzaron-a-israel-para-reunirse-con-sus-familias","status":"publish","type":"post","link":"https:\/\/masquenoticiastucuman.com.ar\/?p=20271","title":{"rendered":"Hamas liber\u00f3 a las cuatro soldados israel\u00edes en Gaza: cruzaron a Israel para reunirse con sus familias"},"content":{"rendered":"<ul>\n<li>Ocurri\u00f3 este s\u00e1bado, tras 477 d\u00edas de cautiverio en la Franja de Gaza.<\/li>\n<li>Se trata del segundo canje de rehenes por presos palestinos en el marco del acuerdo de alto el fuego.<\/li>\n<\/ul>","protected":false},"excerpt":{"rendered":"<p>Ocurri\u00f3 este s\u00e1bado, tras 477 d\u00edas de cautiverio en la Franja de Gaza. Se trata&#8230;<\/p>\n","protected":false},"author":1,"featured_media":0,"comment_status":"open","ping_status":"open","sticky":false,"template":"","format":"standard","meta":{"footnotes":""},"categories":[4],"tags":[],"class_list":["post-20271","post","type-post","status-publish","format-standard","hentry","category-internacionales"],"_links":{"self":[{"href":"https:\/\/masquenoticiastucuman.com.ar\/index.php?rest_route=\/wp\/v2\/posts\/20271","targetHints":{"allow":["GET"]}}],"collection":[{"href":"https:\/\/masquenoticiastucuman.com.ar\/index.php?rest_route=\/wp\/v2\/posts"}],"about":[{"href":"https:\/\/masquenoticiastucuman.com.ar\/index.php?rest_route=\/wp\/v2\/types\/post"}],"author":[{"embeddable":true,"href":"https:\/\/masquenoticiastucuman.com.ar\/index.php?rest_route=\/wp\/v2\/users\/1"}],"replies":[{"embeddable":true,"href":"https:\/\/masquenoticiastucuman.com.ar\/index.php?rest_route=%2Fwp%2Fv2%2Fcomments&post=20271"}],"version-history":[{"count":0,"href":"https:\/\/masquenoticiastucuman.com.ar\/index.php?rest_route=\/wp\/v2\/posts\/20271\/revisions"}],"wp:attachment":[{"href":"https:\/\/masquenoticiastucuman.com.ar\/index.php?rest_route=%2Fwp%2Fv2%2Fmedia&parent=20271"}],"wp:term":[{"taxonomy":"category","embeddable":true,"href":"https:\/\/masquenoticiastucuman.com.ar\/index.php?rest_route=%2Fwp%2Fv2%2Fcategories&post=20271"},{"taxonomy":"post_tag","embeddable":true,"href":"https:\/\/masquenoticiastucuman.com.ar\/index.php?rest_route=%2Fwp%2Fv2%2Ftags&post=20271"}],"curies":[{"name":"wp","href":"https:\/\/api.w.org\/{rel}","templated":true}]}}