{"id":20279,"date":"2025-01-25T11:01:02","date_gmt":"2025-01-25T14:01:02","guid":{"rendered":"http:\/\/masquenoticiastucuman.com.ar\/?p=20279"},"modified":"2025-01-25T11:01:02","modified_gmt":"2025-01-25T14:01:02","slug":"desmienten-que-antonio-gasalla-este-internado-en-el-sanatorio-otamendi-continua-en-un-centro-de-rehabilitacion","status":"publish","type":"post","link":"https:\/\/masquenoticiastucuman.com.ar\/?p=20279","title":{"rendered":"Desmienten que Antonio Gasalla est\u00e9 internado en el Sanatorio Otamendi: contin\u00faa en un centro de rehabilitaci\u00f3n"},"content":{"rendered":"<ul>\n<li>Clar\u00edn pudo corroborarlo esta ma\u00f1ana.<\/li>\n<li>El capoc\u00f3mico tiene 83 a\u00f1os y sigue viviendo en un centro de rehabilitaci\u00f3n.<\/li>\n<\/ul>","protected":false},"excerpt":{"rendered":"<p>Clar\u00edn pudo corroborarlo esta ma\u00f1ana. El capoc\u00f3mico tiene 83 a\u00f1os y sigue viviendo en un&#8230;<\/p>\n","protected":false},"author":1,"featured_media":0,"comment_status":"open","ping_status":"open","sticky":false,"template":"","format":"standard","meta":{"footnotes":""},"categories":[5],"tags":[],"class_list":["post-20279","post","type-post","status-publish","format-standard","hentry","category-espectaculo"],"_links":{"self":[{"href":"https:\/\/masquenoticiastucuman.com.ar\/index.php?rest_route=\/wp\/v2\/posts\/20279","targetHints":{"allow":["GET"]}}],"collection":[{"href":"https:\/\/masquenoticiastucuman.com.ar\/index.php?rest_route=\/wp\/v2\/posts"}],"about":[{"href":"https:\/\/masquenoticiastucuman.com.ar\/index.php?rest_route=\/wp\/v2\/types\/post"}],"author":[{"embeddable":true,"href":"https:\/\/masquenoticiastucuman.com.ar\/index.php?rest_route=\/wp\/v2\/users\/1"}],"replies":[{"embeddable":true,"href":"https:\/\/masquenoticiastucuman.com.ar\/index.php?rest_route=%2Fwp%2Fv2%2Fcomments&post=20279"}],"version-history":[{"count":0,"href":"https:\/\/masquenoticiastucuman.com.ar\/index.php?rest_route=\/wp\/v2\/posts\/20279\/revisions"}],"wp:attachment":[{"href":"https:\/\/masquenoticiastucuman.com.ar\/index.php?rest_route=%2Fwp%2Fv2%2Fmedia&parent=20279"}],"wp:term":[{"taxonomy":"category","embeddable":true,"href":"https:\/\/masquenoticiastucuman.com.ar\/index.php?rest_route=%2Fwp%2Fv2%2Fcategories&post=20279"},{"taxonomy":"post_tag","embeddable":true,"href":"https:\/\/masquenoticiastucuman.com.ar\/index.php?rest_route=%2Fwp%2Fv2%2Ftags&post=20279"}],"curies":[{"name":"wp","href":"https:\/\/api.w.org\/{rel}","templated":true}]}}