{"id":20297,"date":"2025-01-25T17:01:04","date_gmt":"2025-01-25T20:01:04","guid":{"rendered":"http:\/\/masquenoticiastucuman.com.ar\/?p=20297"},"modified":"2025-01-25T17:01:04","modified_gmt":"2025-01-25T20:01:04","slug":"murio-horacio-lannes-icono-y-maestro-del-vestuario-en-cine-teatro-y-television","status":"publish","type":"post","link":"https:\/\/masquenoticiastucuman.com.ar\/?p=20297","title":{"rendered":"Muri\u00f3 Horacio Lannes, \u00edcono y maestro del vestuario en cine, teatro y televisi\u00f3n"},"content":{"rendered":"<ul>\n<li>Trabaj\u00f3 en m\u00e1s de 100 pel\u00edculas y visti\u00f3 a las figuras como Mirtha, Tita Merello, Susana, Olmedo y Libertad Lamarque.<\/li>\n<li>Ten\u00eda 93 a\u00f1os.<\/li>\n<\/ul>","protected":false},"excerpt":{"rendered":"<p>Trabaj\u00f3 en m\u00e1s de 100 pel\u00edculas y visti\u00f3 a las figuras como Mirtha, Tita Merello,&#8230;<\/p>\n","protected":false},"author":1,"featured_media":0,"comment_status":"open","ping_status":"open","sticky":false,"template":"","format":"standard","meta":{"footnotes":""},"categories":[5],"tags":[],"class_list":["post-20297","post","type-post","status-publish","format-standard","hentry","category-espectaculo"],"_links":{"self":[{"href":"https:\/\/masquenoticiastucuman.com.ar\/index.php?rest_route=\/wp\/v2\/posts\/20297","targetHints":{"allow":["GET"]}}],"collection":[{"href":"https:\/\/masquenoticiastucuman.com.ar\/index.php?rest_route=\/wp\/v2\/posts"}],"about":[{"href":"https:\/\/masquenoticiastucuman.com.ar\/index.php?rest_route=\/wp\/v2\/types\/post"}],"author":[{"embeddable":true,"href":"https:\/\/masquenoticiastucuman.com.ar\/index.php?rest_route=\/wp\/v2\/users\/1"}],"replies":[{"embeddable":true,"href":"https:\/\/masquenoticiastucuman.com.ar\/index.php?rest_route=%2Fwp%2Fv2%2Fcomments&post=20297"}],"version-history":[{"count":0,"href":"https:\/\/masquenoticiastucuman.com.ar\/index.php?rest_route=\/wp\/v2\/posts\/20297\/revisions"}],"wp:attachment":[{"href":"https:\/\/masquenoticiastucuman.com.ar\/index.php?rest_route=%2Fwp%2Fv2%2Fmedia&parent=20297"}],"wp:term":[{"taxonomy":"category","embeddable":true,"href":"https:\/\/masquenoticiastucuman.com.ar\/index.php?rest_route=%2Fwp%2Fv2%2Fcategories&post=20297"},{"taxonomy":"post_tag","embeddable":true,"href":"https:\/\/masquenoticiastucuman.com.ar\/index.php?rest_route=%2Fwp%2Fv2%2Ftags&post=20297"}],"curies":[{"name":"wp","href":"https:\/\/api.w.org\/{rel}","templated":true}]}}