{"id":20317,"date":"2025-01-25T20:01:03","date_gmt":"2025-01-25T23:01:03","guid":{"rendered":"http:\/\/masquenoticiastucuman.com.ar\/?p=20317"},"modified":"2025-01-25T20:01:03","modified_gmt":"2025-01-25T23:01:03","slug":"el-regimen-de-maduro-dejo-sin-agua-a-los-asilados-en-la-embajada-argentina-en-venezuela","status":"publish","type":"post","link":"https:\/\/masquenoticiastucuman.com.ar\/?p=20317","title":{"rendered":"El r\u00e9gimen de Maduro dej\u00f3 sin agua a los asilados en la embajada argentina en Venezuela"},"content":{"rendered":"<ul>\n<li>Lo denunci\u00f3 Magalli Meda, una de las personas con protecci\u00f3n en la sede diplom\u00e1tica. <\/li>\n<li>El viernes hab\u00edan negado el ingreso de medicamentos para otro asilado. <\/li>\n<\/ul>","protected":false},"excerpt":{"rendered":"<p>Lo denunci\u00f3 Magalli Meda, una de las personas con protecci\u00f3n en la sede diplom\u00e1tica. El&#8230;<\/p>\n","protected":false},"author":1,"featured_media":0,"comment_status":"open","ping_status":"open","sticky":false,"template":"","format":"standard","meta":{"footnotes":""},"categories":[4],"tags":[],"class_list":["post-20317","post","type-post","status-publish","format-standard","hentry","category-internacionales"],"_links":{"self":[{"href":"https:\/\/masquenoticiastucuman.com.ar\/index.php?rest_route=\/wp\/v2\/posts\/20317","targetHints":{"allow":["GET"]}}],"collection":[{"href":"https:\/\/masquenoticiastucuman.com.ar\/index.php?rest_route=\/wp\/v2\/posts"}],"about":[{"href":"https:\/\/masquenoticiastucuman.com.ar\/index.php?rest_route=\/wp\/v2\/types\/post"}],"author":[{"embeddable":true,"href":"https:\/\/masquenoticiastucuman.com.ar\/index.php?rest_route=\/wp\/v2\/users\/1"}],"replies":[{"embeddable":true,"href":"https:\/\/masquenoticiastucuman.com.ar\/index.php?rest_route=%2Fwp%2Fv2%2Fcomments&post=20317"}],"version-history":[{"count":0,"href":"https:\/\/masquenoticiastucuman.com.ar\/index.php?rest_route=\/wp\/v2\/posts\/20317\/revisions"}],"wp:attachment":[{"href":"https:\/\/masquenoticiastucuman.com.ar\/index.php?rest_route=%2Fwp%2Fv2%2Fmedia&parent=20317"}],"wp:term":[{"taxonomy":"category","embeddable":true,"href":"https:\/\/masquenoticiastucuman.com.ar\/index.php?rest_route=%2Fwp%2Fv2%2Fcategories&post=20317"},{"taxonomy":"post_tag","embeddable":true,"href":"https:\/\/masquenoticiastucuman.com.ar\/index.php?rest_route=%2Fwp%2Fv2%2Ftags&post=20317"}],"curies":[{"name":"wp","href":"https:\/\/api.w.org\/{rel}","templated":true}]}}