{"id":20331,"date":"2025-01-26T00:01:03","date_gmt":"2025-01-26T03:01:03","guid":{"rendered":"http:\/\/masquenoticiastucuman.com.ar\/?p=20331"},"modified":"2025-01-26T00:01:03","modified_gmt":"2025-01-26T03:01:03","slug":"el-paton-bauza-recibio-un-conmovedor-homenaje-de-liga-de-quito-en-ecuador-y-mostro-con-entereza-su-lucha-contra-una-enfermedad-cognitiva","status":"publish","type":"post","link":"https:\/\/masquenoticiastucuman.com.ar\/?p=20331","title":{"rendered":"El Pat\u00f3n Bauza recibi\u00f3 un conmovedor homenaje de Liga de Quito en Ecuador y mostr\u00f3 con entereza su lucha contra una enfermedad cognitiva"},"content":{"rendered":"<ul>\n<li>El ex entrenador de la Selecci\u00f3n Argentina y San Lorenzo se retir\u00f3 en 2021.<\/li>\n<li>A los 67 a\u00f1os de edad, padece un mal que puede ser m\u00e1s severo que el Alzheimer.<\/li>\n<li>&#8220;Es complicado tener una conversaci\u00f3n fluida con \u00e9l&#8221;, dijo su hijo en 2022.<\/li>\n<\/ul>","protected":false},"excerpt":{"rendered":"<p>El ex entrenador de la Selecci\u00f3n Argentina y San Lorenzo se retir\u00f3 en 2021. A&#8230;<\/p>\n","protected":false},"author":1,"featured_media":0,"comment_status":"open","ping_status":"open","sticky":false,"template":"","format":"standard","meta":{"footnotes":""},"categories":[6],"tags":[],"class_list":["post-20331","post","type-post","status-publish","format-standard","hentry","category-deportes"],"_links":{"self":[{"href":"https:\/\/masquenoticiastucuman.com.ar\/index.php?rest_route=\/wp\/v2\/posts\/20331","targetHints":{"allow":["GET"]}}],"collection":[{"href":"https:\/\/masquenoticiastucuman.com.ar\/index.php?rest_route=\/wp\/v2\/posts"}],"about":[{"href":"https:\/\/masquenoticiastucuman.com.ar\/index.php?rest_route=\/wp\/v2\/types\/post"}],"author":[{"embeddable":true,"href":"https:\/\/masquenoticiastucuman.com.ar\/index.php?rest_route=\/wp\/v2\/users\/1"}],"replies":[{"embeddable":true,"href":"https:\/\/masquenoticiastucuman.com.ar\/index.php?rest_route=%2Fwp%2Fv2%2Fcomments&post=20331"}],"version-history":[{"count":0,"href":"https:\/\/masquenoticiastucuman.com.ar\/index.php?rest_route=\/wp\/v2\/posts\/20331\/revisions"}],"wp:attachment":[{"href":"https:\/\/masquenoticiastucuman.com.ar\/index.php?rest_route=%2Fwp%2Fv2%2Fmedia&parent=20331"}],"wp:term":[{"taxonomy":"category","embeddable":true,"href":"https:\/\/masquenoticiastucuman.com.ar\/index.php?rest_route=%2Fwp%2Fv2%2Fcategories&post=20331"},{"taxonomy":"post_tag","embeddable":true,"href":"https:\/\/masquenoticiastucuman.com.ar\/index.php?rest_route=%2Fwp%2Fv2%2Ftags&post=20331"}],"curies":[{"name":"wp","href":"https:\/\/api.w.org\/{rel}","templated":true}]}}