{"id":20357,"date":"2025-01-26T10:01:03","date_gmt":"2025-01-26T13:01:03","guid":{"rendered":"http:\/\/masquenoticiastucuman.com.ar\/?p=20357"},"modified":"2025-01-26T10:01:03","modified_gmt":"2025-01-26T13:01:03","slug":"central-cordoba-vs-aldosivi-por-el-torneo-apertura-de-la-liga-profesional-de-futbol-dia-horario-y-como-verlo-por-tv","status":"publish","type":"post","link":"https:\/\/masquenoticiastucuman.com.ar\/?p=20357","title":{"rendered":"Central C\u00f3rdoba vs Aldosivi, por el Torneo Apertura de la Liga Profesional de F\u00fatbol: d\u00eda, horario y c\u00f3mo verlo por TV"},"content":{"rendered":"<ul>\n<li>Juegan desde las 21 en Santiago del Estero. <\/li>\n<li>El Ferroviario necesita sumar puntos antes de distraerse con la Copa Libertadores. <\/li>\n<li>El Tibur\u00f3n regresa a Primera luego de su paso por el Ascenso.<\/li>\n<\/ul>","protected":false},"excerpt":{"rendered":"<p>Juegan desde las 21 en Santiago del Estero. El Ferroviario necesita sumar puntos antes de&#8230;<\/p>\n","protected":false},"author":1,"featured_media":0,"comment_status":"open","ping_status":"open","sticky":false,"template":"","format":"standard","meta":{"footnotes":""},"categories":[6],"tags":[],"class_list":["post-20357","post","type-post","status-publish","format-standard","hentry","category-deportes"],"_links":{"self":[{"href":"https:\/\/masquenoticiastucuman.com.ar\/index.php?rest_route=\/wp\/v2\/posts\/20357","targetHints":{"allow":["GET"]}}],"collection":[{"href":"https:\/\/masquenoticiastucuman.com.ar\/index.php?rest_route=\/wp\/v2\/posts"}],"about":[{"href":"https:\/\/masquenoticiastucuman.com.ar\/index.php?rest_route=\/wp\/v2\/types\/post"}],"author":[{"embeddable":true,"href":"https:\/\/masquenoticiastucuman.com.ar\/index.php?rest_route=\/wp\/v2\/users\/1"}],"replies":[{"embeddable":true,"href":"https:\/\/masquenoticiastucuman.com.ar\/index.php?rest_route=%2Fwp%2Fv2%2Fcomments&post=20357"}],"version-history":[{"count":0,"href":"https:\/\/masquenoticiastucuman.com.ar\/index.php?rest_route=\/wp\/v2\/posts\/20357\/revisions"}],"wp:attachment":[{"href":"https:\/\/masquenoticiastucuman.com.ar\/index.php?rest_route=%2Fwp%2Fv2%2Fmedia&parent=20357"}],"wp:term":[{"taxonomy":"category","embeddable":true,"href":"https:\/\/masquenoticiastucuman.com.ar\/index.php?rest_route=%2Fwp%2Fv2%2Fcategories&post=20357"},{"taxonomy":"post_tag","embeddable":true,"href":"https:\/\/masquenoticiastucuman.com.ar\/index.php?rest_route=%2Fwp%2Fv2%2Ftags&post=20357"}],"curies":[{"name":"wp","href":"https:\/\/api.w.org\/{rel}","templated":true}]}}