{"id":20359,"date":"2025-01-26T10:01:05","date_gmt":"2025-01-26T13:01:05","guid":{"rendered":"http:\/\/masquenoticiastucuman.com.ar\/?p=20359"},"modified":"2025-01-26T10:01:05","modified_gmt":"2025-01-26T13:01:05","slug":"el-papa-francisco-recordo-el-horror-del-exterminio-de-millones-de-judios-que-no-puede-ser-ni-olvidado-ni-negado","status":"publish","type":"post","link":"https:\/\/masquenoticiastucuman.com.ar\/?p=20359","title":{"rendered":"El papa Francisco record\u00f3 \u201cel horror del exterminio de millones de jud\u00edos que no puede ser ni olvidado ni negado\u201d"},"content":{"rendered":"<ul>\n<li>Lo dijo durante el rezo del Angelus en la Plaza de San Pedro.<\/li>\n<li>Fue en la previa al D\u00eda Internacional de Conmemoraci\u00f3n en Memoria de las V\u00edctimas del Holocausto.<\/li>\n<\/ul>","protected":false},"excerpt":{"rendered":"<p>Lo dijo durante el rezo del Angelus en la Plaza de San Pedro. Fue en&#8230;<\/p>\n","protected":false},"author":1,"featured_media":0,"comment_status":"open","ping_status":"open","sticky":false,"template":"","format":"standard","meta":{"footnotes":""},"categories":[4],"tags":[],"class_list":["post-20359","post","type-post","status-publish","format-standard","hentry","category-internacionales"],"_links":{"self":[{"href":"https:\/\/masquenoticiastucuman.com.ar\/index.php?rest_route=\/wp\/v2\/posts\/20359","targetHints":{"allow":["GET"]}}],"collection":[{"href":"https:\/\/masquenoticiastucuman.com.ar\/index.php?rest_route=\/wp\/v2\/posts"}],"about":[{"href":"https:\/\/masquenoticiastucuman.com.ar\/index.php?rest_route=\/wp\/v2\/types\/post"}],"author":[{"embeddable":true,"href":"https:\/\/masquenoticiastucuman.com.ar\/index.php?rest_route=\/wp\/v2\/users\/1"}],"replies":[{"embeddable":true,"href":"https:\/\/masquenoticiastucuman.com.ar\/index.php?rest_route=%2Fwp%2Fv2%2Fcomments&post=20359"}],"version-history":[{"count":0,"href":"https:\/\/masquenoticiastucuman.com.ar\/index.php?rest_route=\/wp\/v2\/posts\/20359\/revisions"}],"wp:attachment":[{"href":"https:\/\/masquenoticiastucuman.com.ar\/index.php?rest_route=%2Fwp%2Fv2%2Fmedia&parent=20359"}],"wp:term":[{"taxonomy":"category","embeddable":true,"href":"https:\/\/masquenoticiastucuman.com.ar\/index.php?rest_route=%2Fwp%2Fv2%2Fcategories&post=20359"},{"taxonomy":"post_tag","embeddable":true,"href":"https:\/\/masquenoticiastucuman.com.ar\/index.php?rest_route=%2Fwp%2Fv2%2Ftags&post=20359"}],"curies":[{"name":"wp","href":"https:\/\/api.w.org\/{rel}","templated":true}]}}