{"id":20363,"date":"2025-01-26T12:01:03","date_gmt":"2025-01-26T15:01:03","guid":{"rendered":"http:\/\/masquenoticiastucuman.com.ar\/?p=20363"},"modified":"2025-01-26T12:01:03","modified_gmt":"2025-01-26T15:01:03","slug":"cinco-anos-sin-kobe-bryant-una-leyenda-que-sigue-viva-con-su-legado-entre-los-fanaticos-de-los-angeles-lakers","status":"publish","type":"post","link":"https:\/\/masquenoticiastucuman.com.ar\/?p=20363","title":{"rendered":"Cinco a\u00f1os sin Kobe Bryant: una leyenda que sigue viva con su legado entre los fan\u00e1ticos de Los Angeles Lakers"},"content":{"rendered":"<ul>\n<li>El 26 de enero de 2020 se subi\u00f3 junto a su hija Gigi y otras siete personas a un helic\u00f3ptero en el condado de Orange. <\/li>\n<li>Minutos despu\u00e9s la aeronave se estrell\u00f3 en una zona monta\u00f1osa de Calabasas. <\/li>\n<li>Sus ense\u00f1anzas siguen vigentes en la NBA.<\/li>\n<\/ul>","protected":false},"excerpt":{"rendered":"<p>El 26 de enero de 2020 se subi\u00f3 junto a su hija Gigi y otras&#8230;<\/p>\n","protected":false},"author":1,"featured_media":0,"comment_status":"open","ping_status":"open","sticky":false,"template":"","format":"standard","meta":{"footnotes":""},"categories":[6],"tags":[],"class_list":["post-20363","post","type-post","status-publish","format-standard","hentry","category-deportes"],"_links":{"self":[{"href":"https:\/\/masquenoticiastucuman.com.ar\/index.php?rest_route=\/wp\/v2\/posts\/20363","targetHints":{"allow":["GET"]}}],"collection":[{"href":"https:\/\/masquenoticiastucuman.com.ar\/index.php?rest_route=\/wp\/v2\/posts"}],"about":[{"href":"https:\/\/masquenoticiastucuman.com.ar\/index.php?rest_route=\/wp\/v2\/types\/post"}],"author":[{"embeddable":true,"href":"https:\/\/masquenoticiastucuman.com.ar\/index.php?rest_route=\/wp\/v2\/users\/1"}],"replies":[{"embeddable":true,"href":"https:\/\/masquenoticiastucuman.com.ar\/index.php?rest_route=%2Fwp%2Fv2%2Fcomments&post=20363"}],"version-history":[{"count":0,"href":"https:\/\/masquenoticiastucuman.com.ar\/index.php?rest_route=\/wp\/v2\/posts\/20363\/revisions"}],"wp:attachment":[{"href":"https:\/\/masquenoticiastucuman.com.ar\/index.php?rest_route=%2Fwp%2Fv2%2Fmedia&parent=20363"}],"wp:term":[{"taxonomy":"category","embeddable":true,"href":"https:\/\/masquenoticiastucuman.com.ar\/index.php?rest_route=%2Fwp%2Fv2%2Fcategories&post=20363"},{"taxonomy":"post_tag","embeddable":true,"href":"https:\/\/masquenoticiastucuman.com.ar\/index.php?rest_route=%2Fwp%2Fv2%2Ftags&post=20363"}],"curies":[{"name":"wp","href":"https:\/\/api.w.org\/{rel}","templated":true}]}}