{"id":20397,"date":"2025-01-26T21:01:07","date_gmt":"2025-01-27T00:01:07","guid":{"rendered":"http:\/\/masquenoticiastucuman.com.ar\/?p=20397"},"modified":"2025-01-26T21:01:07","modified_gmt":"2025-01-27T00:01:07","slug":"israel-anuncio-que-hamas-liberara-tres-rehenes-el-proximo-jueves-y-otros-tres-el-sabado","status":"publish","type":"post","link":"https:\/\/masquenoticiastucuman.com.ar\/?p=20397","title":{"rendered":"Israel anunci\u00f3 que Ham\u00e1s liberar\u00e1 tres rehenes el pr\u00f3ximo jueves y otros tres el s\u00e1bado"},"content":{"rendered":"<ul>\n<li>Lo confirm\u00f3 la oficina del primer ministro Benjamin Netanyahu, tras una negociaci\u00f3n con el grupo terrorista.<\/li>\n<li>Israel permitir\u00e1 desde el lunes el paso de palestinos hacia el norte de Gaza.<\/li>\n<\/ul>","protected":false},"excerpt":{"rendered":"<p>Lo confirm\u00f3 la oficina del primer ministro Benjamin Netanyahu, tras una negociaci\u00f3n con el grupo&#8230;<\/p>\n","protected":false},"author":1,"featured_media":0,"comment_status":"open","ping_status":"open","sticky":false,"template":"","format":"standard","meta":{"footnotes":""},"categories":[4],"tags":[],"class_list":["post-20397","post","type-post","status-publish","format-standard","hentry","category-internacionales"],"_links":{"self":[{"href":"https:\/\/masquenoticiastucuman.com.ar\/index.php?rest_route=\/wp\/v2\/posts\/20397","targetHints":{"allow":["GET"]}}],"collection":[{"href":"https:\/\/masquenoticiastucuman.com.ar\/index.php?rest_route=\/wp\/v2\/posts"}],"about":[{"href":"https:\/\/masquenoticiastucuman.com.ar\/index.php?rest_route=\/wp\/v2\/types\/post"}],"author":[{"embeddable":true,"href":"https:\/\/masquenoticiastucuman.com.ar\/index.php?rest_route=\/wp\/v2\/users\/1"}],"replies":[{"embeddable":true,"href":"https:\/\/masquenoticiastucuman.com.ar\/index.php?rest_route=%2Fwp%2Fv2%2Fcomments&post=20397"}],"version-history":[{"count":0,"href":"https:\/\/masquenoticiastucuman.com.ar\/index.php?rest_route=\/wp\/v2\/posts\/20397\/revisions"}],"wp:attachment":[{"href":"https:\/\/masquenoticiastucuman.com.ar\/index.php?rest_route=%2Fwp%2Fv2%2Fmedia&parent=20397"}],"wp:term":[{"taxonomy":"category","embeddable":true,"href":"https:\/\/masquenoticiastucuman.com.ar\/index.php?rest_route=%2Fwp%2Fv2%2Fcategories&post=20397"},{"taxonomy":"post_tag","embeddable":true,"href":"https:\/\/masquenoticiastucuman.com.ar\/index.php?rest_route=%2Fwp%2Fv2%2Ftags&post=20397"}],"curies":[{"name":"wp","href":"https:\/\/api.w.org\/{rel}","templated":true}]}}