{"id":20403,"date":"2025-01-26T22:01:04","date_gmt":"2025-01-27T01:01:04","guid":{"rendered":"http:\/\/masquenoticiastucuman.com.ar\/?p=20403"},"modified":"2025-01-26T22:01:04","modified_gmt":"2025-01-27T01:01:04","slug":"como-fue-el-debut-de-ander-herrera-en-la-bombonera-de-los-aplausos-de-la-hinchada-a-salvarse-de-la-expulsion-por-un-duro-planchazo","status":"publish","type":"post","link":"https:\/\/masquenoticiastucuman.com.ar\/?p=20403","title":{"rendered":"C\u00f3mo fue el debut de Ander Herrera en la Bombonera: de los aplausos de la hinchada a salvarse de la expulsi\u00f3n por un duro planchazo"},"content":{"rendered":"<ul>\n<li>El vasco tuvo momentos de buen f\u00fatbol, pero sobre el final del primer tiempo debi\u00f3 ver la roja por un patad\u00f3n contra Alan Velasco.<\/li>\n<\/ul>","protected":false},"excerpt":{"rendered":"<p>El vasco tuvo momentos de buen f\u00fatbol, pero sobre el final del primer tiempo debi\u00f3&#8230;<\/p>\n","protected":false},"author":1,"featured_media":0,"comment_status":"open","ping_status":"open","sticky":false,"template":"","format":"standard","meta":{"footnotes":""},"categories":[6],"tags":[],"class_list":["post-20403","post","type-post","status-publish","format-standard","hentry","category-deportes"],"_links":{"self":[{"href":"https:\/\/masquenoticiastucuman.com.ar\/index.php?rest_route=\/wp\/v2\/posts\/20403","targetHints":{"allow":["GET"]}}],"collection":[{"href":"https:\/\/masquenoticiastucuman.com.ar\/index.php?rest_route=\/wp\/v2\/posts"}],"about":[{"href":"https:\/\/masquenoticiastucuman.com.ar\/index.php?rest_route=\/wp\/v2\/types\/post"}],"author":[{"embeddable":true,"href":"https:\/\/masquenoticiastucuman.com.ar\/index.php?rest_route=\/wp\/v2\/users\/1"}],"replies":[{"embeddable":true,"href":"https:\/\/masquenoticiastucuman.com.ar\/index.php?rest_route=%2Fwp%2Fv2%2Fcomments&post=20403"}],"version-history":[{"count":0,"href":"https:\/\/masquenoticiastucuman.com.ar\/index.php?rest_route=\/wp\/v2\/posts\/20403\/revisions"}],"wp:attachment":[{"href":"https:\/\/masquenoticiastucuman.com.ar\/index.php?rest_route=%2Fwp%2Fv2%2Fmedia&parent=20403"}],"wp:term":[{"taxonomy":"category","embeddable":true,"href":"https:\/\/masquenoticiastucuman.com.ar\/index.php?rest_route=%2Fwp%2Fv2%2Fcategories&post=20403"},{"taxonomy":"post_tag","embeddable":true,"href":"https:\/\/masquenoticiastucuman.com.ar\/index.php?rest_route=%2Fwp%2Fv2%2Ftags&post=20403"}],"curies":[{"name":"wp","href":"https:\/\/api.w.org\/{rel}","templated":true}]}}