{"id":20439,"date":"2025-01-27T11:01:06","date_gmt":"2025-01-27T14:01:06","guid":{"rendered":"http:\/\/masquenoticiastucuman.com.ar\/?p=20439"},"modified":"2025-01-27T11:01:06","modified_gmt":"2025-01-27T14:01:06","slug":"cautela-en-el-mercado-de-granos-a-la-espera-de-mas-precisiones-sobre-las-nuevas-retenciones","status":"publish","type":"post","link":"https:\/\/masquenoticiastucuman.com.ar\/?p=20439","title":{"rendered":"Cautela en el mercado de granos, a la espera de m\u00e1s precisiones sobre las nuevas retenciones"},"content":{"rendered":"<ul>\n<li>Este lunes se public\u00f3 el decreto 38\/2025 en el Bolet\u00edn Oficial, que acorta a 15 d\u00edas la obligaci\u00f3n de ingresar el 95% de las divisas de cada liquidaci\u00f3n. <\/li>\n<li>Pero quienes comercializan granos esperan m\u00e1s detalles del Banco Central, de ARCA y de la Secretar\u00eda de Agricultura.<\/li>\n<\/ul>","protected":false},"excerpt":{"rendered":"<p>Este lunes se public\u00f3 el decreto 38\/2025 en el Bolet\u00edn Oficial, que acorta a 15&#8230;<\/p>\n","protected":false},"author":1,"featured_media":0,"comment_status":"open","ping_status":"open","sticky":false,"template":"","format":"standard","meta":{"footnotes":""},"categories":[1],"tags":[],"class_list":["post-20439","post","type-post","status-publish","format-standard","hentry","category-uncategorized"],"_links":{"self":[{"href":"https:\/\/masquenoticiastucuman.com.ar\/index.php?rest_route=\/wp\/v2\/posts\/20439","targetHints":{"allow":["GET"]}}],"collection":[{"href":"https:\/\/masquenoticiastucuman.com.ar\/index.php?rest_route=\/wp\/v2\/posts"}],"about":[{"href":"https:\/\/masquenoticiastucuman.com.ar\/index.php?rest_route=\/wp\/v2\/types\/post"}],"author":[{"embeddable":true,"href":"https:\/\/masquenoticiastucuman.com.ar\/index.php?rest_route=\/wp\/v2\/users\/1"}],"replies":[{"embeddable":true,"href":"https:\/\/masquenoticiastucuman.com.ar\/index.php?rest_route=%2Fwp%2Fv2%2Fcomments&post=20439"}],"version-history":[{"count":0,"href":"https:\/\/masquenoticiastucuman.com.ar\/index.php?rest_route=\/wp\/v2\/posts\/20439\/revisions"}],"wp:attachment":[{"href":"https:\/\/masquenoticiastucuman.com.ar\/index.php?rest_route=%2Fwp%2Fv2%2Fmedia&parent=20439"}],"wp:term":[{"taxonomy":"category","embeddable":true,"href":"https:\/\/masquenoticiastucuman.com.ar\/index.php?rest_route=%2Fwp%2Fv2%2Fcategories&post=20439"},{"taxonomy":"post_tag","embeddable":true,"href":"https:\/\/masquenoticiastucuman.com.ar\/index.php?rest_route=%2Fwp%2Fv2%2Ftags&post=20439"}],"curies":[{"name":"wp","href":"https:\/\/api.w.org\/{rel}","templated":true}]}}