{"id":20451,"date":"2025-01-27T12:01:05","date_gmt":"2025-01-27T15:01:05","guid":{"rendered":"http:\/\/masquenoticiastucuman.com.ar\/?p=20451"},"modified":"2025-01-27T12:01:05","modified_gmt":"2025-01-27T15:01:05","slug":"la-formula-1-vuelve-a-la-argentina-con-una-exhibicion-oficial-que-tendra-a-buenos-aires-como-punto-de-partida","status":"publish","type":"post","link":"https:\/\/masquenoticiastucuman.com.ar\/?p=20451","title":{"rendered":"La F\u00f3rmula 1 vuelve a la Argentina con una exhibici\u00f3n oficial que tendr\u00e1 a Buenos Aires como punto de partida"},"content":{"rendered":"<ul>\n<li>Una muestra itinerante llegar\u00e1 en marzo y luego continuar\u00e1 por otras ciudades de Sudam\u00e9rica. <\/li>\n<li>C\u00f3mo ser\u00e1 el recorrido y cu\u00e1ndo estar\u00e1n las primeras entradas a la venta.<\/li>\n<\/ul>","protected":false},"excerpt":{"rendered":"<p>Una muestra itinerante llegar\u00e1 en marzo y luego continuar\u00e1 por otras ciudades de Sudam\u00e9rica. C\u00f3mo&#8230;<\/p>\n","protected":false},"author":1,"featured_media":0,"comment_status":"open","ping_status":"open","sticky":false,"template":"","format":"standard","meta":{"footnotes":""},"categories":[6],"tags":[],"class_list":["post-20451","post","type-post","status-publish","format-standard","hentry","category-deportes"],"_links":{"self":[{"href":"https:\/\/masquenoticiastucuman.com.ar\/index.php?rest_route=\/wp\/v2\/posts\/20451","targetHints":{"allow":["GET"]}}],"collection":[{"href":"https:\/\/masquenoticiastucuman.com.ar\/index.php?rest_route=\/wp\/v2\/posts"}],"about":[{"href":"https:\/\/masquenoticiastucuman.com.ar\/index.php?rest_route=\/wp\/v2\/types\/post"}],"author":[{"embeddable":true,"href":"https:\/\/masquenoticiastucuman.com.ar\/index.php?rest_route=\/wp\/v2\/users\/1"}],"replies":[{"embeddable":true,"href":"https:\/\/masquenoticiastucuman.com.ar\/index.php?rest_route=%2Fwp%2Fv2%2Fcomments&post=20451"}],"version-history":[{"count":0,"href":"https:\/\/masquenoticiastucuman.com.ar\/index.php?rest_route=\/wp\/v2\/posts\/20451\/revisions"}],"wp:attachment":[{"href":"https:\/\/masquenoticiastucuman.com.ar\/index.php?rest_route=%2Fwp%2Fv2%2Fmedia&parent=20451"}],"wp:term":[{"taxonomy":"category","embeddable":true,"href":"https:\/\/masquenoticiastucuman.com.ar\/index.php?rest_route=%2Fwp%2Fv2%2Fcategories&post=20451"},{"taxonomy":"post_tag","embeddable":true,"href":"https:\/\/masquenoticiastucuman.com.ar\/index.php?rest_route=%2Fwp%2Fv2%2Ftags&post=20451"}],"curies":[{"name":"wp","href":"https:\/\/api.w.org\/{rel}","templated":true}]}}