{"id":20453,"date":"2025-01-27T12:01:06","date_gmt":"2025-01-27T15:01:06","guid":{"rendered":"http:\/\/masquenoticiastucuman.com.ar\/?p=20453"},"modified":"2025-01-27T12:01:06","modified_gmt":"2025-01-27T15:01:06","slug":"auschwitz-con-la-presencia-de-sobrevivientes-y-jefes-de-estado-polonia-conmemora-los-80-anos-de-la-liberacion-del-campo-de-exterminio","status":"publish","type":"post","link":"https:\/\/masquenoticiastucuman.com.ar\/?p=20453","title":{"rendered":"Auschwitz: con la presencia de sobrevivientes y jefes de Estado, Polonia conmemora los 80 a\u00f1os de la liberaci\u00f3n del campo de exterminio"},"content":{"rendered":"<ul>\n<li>El 27 de enero de 1945, las tropas sovi\u00e9ticas llegaron a las puertas de Auschwitz y encontraron a unos 7.000 prisioneros. M\u00e1s de un mill\u00f3n hab\u00edan muerto en el lugar.<\/li>\n<li>Unos 50 sobrevivientes regresaron este lunes para depositar coronas y velas.<\/li>\n<\/ul>","protected":false},"excerpt":{"rendered":"<p>El 27 de enero de 1945, las tropas sovi\u00e9ticas llegaron a las puertas de Auschwitz&#8230;<\/p>\n","protected":false},"author":1,"featured_media":0,"comment_status":"open","ping_status":"open","sticky":false,"template":"","format":"standard","meta":{"footnotes":""},"categories":[4],"tags":[],"class_list":["post-20453","post","type-post","status-publish","format-standard","hentry","category-internacionales"],"_links":{"self":[{"href":"https:\/\/masquenoticiastucuman.com.ar\/index.php?rest_route=\/wp\/v2\/posts\/20453","targetHints":{"allow":["GET"]}}],"collection":[{"href":"https:\/\/masquenoticiastucuman.com.ar\/index.php?rest_route=\/wp\/v2\/posts"}],"about":[{"href":"https:\/\/masquenoticiastucuman.com.ar\/index.php?rest_route=\/wp\/v2\/types\/post"}],"author":[{"embeddable":true,"href":"https:\/\/masquenoticiastucuman.com.ar\/index.php?rest_route=\/wp\/v2\/users\/1"}],"replies":[{"embeddable":true,"href":"https:\/\/masquenoticiastucuman.com.ar\/index.php?rest_route=%2Fwp%2Fv2%2Fcomments&post=20453"}],"version-history":[{"count":0,"href":"https:\/\/masquenoticiastucuman.com.ar\/index.php?rest_route=\/wp\/v2\/posts\/20453\/revisions"}],"wp:attachment":[{"href":"https:\/\/masquenoticiastucuman.com.ar\/index.php?rest_route=%2Fwp%2Fv2%2Fmedia&parent=20453"}],"wp:term":[{"taxonomy":"category","embeddable":true,"href":"https:\/\/masquenoticiastucuman.com.ar\/index.php?rest_route=%2Fwp%2Fv2%2Fcategories&post=20453"},{"taxonomy":"post_tag","embeddable":true,"href":"https:\/\/masquenoticiastucuman.com.ar\/index.php?rest_route=%2Fwp%2Fv2%2Ftags&post=20453"}],"curies":[{"name":"wp","href":"https:\/\/api.w.org\/{rel}","templated":true}]}}