{"id":20458,"date":"2025-01-27T13:01:03","date_gmt":"2025-01-27T16:01:03","guid":{"rendered":"http:\/\/masquenoticiastucuman.com.ar\/?p=20458"},"modified":"2025-01-27T13:01:03","modified_gmt":"2025-01-27T16:01:03","slug":"las-exportaciones-de-maiz-argentino-marcaran-un-record-por-segundo-mes-consecutivo","status":"publish","type":"post","link":"https:\/\/masquenoticiastucuman.com.ar\/?p=20458","title":{"rendered":"Las exportaciones de ma\u00edz argentino marcar\u00e1n un r\u00e9cord por segundo mes consecutivo"},"content":{"rendered":"<ul>\n<li>En diciembre se despacharon 2.429.281 toneladas.<\/li>\n<li>En enero llegar\u00edan a 2.550.000 .<\/li>\n<li>Por la sequ\u00eda, la proyecci\u00f3n de producci\u00f3n baj\u00f3 a 47,5 millones de toneladas.<\/li>\n<\/ul>","protected":false},"excerpt":{"rendered":"<p>En diciembre se despacharon 2.429.281 toneladas. En enero llegar\u00edan a 2.550.000 . Por la sequ\u00eda,&#8230;<\/p>\n","protected":false},"author":1,"featured_media":0,"comment_status":"open","ping_status":"open","sticky":false,"template":"","format":"standard","meta":{"footnotes":""},"categories":[1],"tags":[],"class_list":["post-20458","post","type-post","status-publish","format-standard","hentry","category-uncategorized"],"_links":{"self":[{"href":"https:\/\/masquenoticiastucuman.com.ar\/index.php?rest_route=\/wp\/v2\/posts\/20458","targetHints":{"allow":["GET"]}}],"collection":[{"href":"https:\/\/masquenoticiastucuman.com.ar\/index.php?rest_route=\/wp\/v2\/posts"}],"about":[{"href":"https:\/\/masquenoticiastucuman.com.ar\/index.php?rest_route=\/wp\/v2\/types\/post"}],"author":[{"embeddable":true,"href":"https:\/\/masquenoticiastucuman.com.ar\/index.php?rest_route=\/wp\/v2\/users\/1"}],"replies":[{"embeddable":true,"href":"https:\/\/masquenoticiastucuman.com.ar\/index.php?rest_route=%2Fwp%2Fv2%2Fcomments&post=20458"}],"version-history":[{"count":0,"href":"https:\/\/masquenoticiastucuman.com.ar\/index.php?rest_route=\/wp\/v2\/posts\/20458\/revisions"}],"wp:attachment":[{"href":"https:\/\/masquenoticiastucuman.com.ar\/index.php?rest_route=%2Fwp%2Fv2%2Fmedia&parent=20458"}],"wp:term":[{"taxonomy":"category","embeddable":true,"href":"https:\/\/masquenoticiastucuman.com.ar\/index.php?rest_route=%2Fwp%2Fv2%2Fcategories&post=20458"},{"taxonomy":"post_tag","embeddable":true,"href":"https:\/\/masquenoticiastucuman.com.ar\/index.php?rest_route=%2Fwp%2Fv2%2Ftags&post=20458"}],"curies":[{"name":"wp","href":"https:\/\/api.w.org\/{rel}","templated":true}]}}