{"id":20485,"date":"2025-01-27T16:01:06","date_gmt":"2025-01-27T19:01:06","guid":{"rendered":"http:\/\/masquenoticiastucuman.com.ar\/?p=20485"},"modified":"2025-01-27T16:01:06","modified_gmt":"2025-01-27T19:01:06","slug":"entrevista-al-canciller-jose-manuel-albares-espana-empujara-para-que-se-ratifique-el-acuerdo-con-el-mercosur","status":"publish","type":"post","link":"https:\/\/masquenoticiastucuman.com.ar\/?p=20485","title":{"rendered":"Entrevista al canciller Jos\u00e9 Manuel Albares: \u201cEspa\u00f1a empujar\u00e1 para que se ratifique el acuerdo con el Mercosur\u201d"},"content":{"rendered":"<ul>\n<li>En di\u00e1logo con Clar\u00edn, el ministro de Exteriores de Pedro S\u00e1nchez asegura que mala relaci\u00f3n entre el jefe de gobierno y Javier Milei no es una traba.<\/li>\n<li>\u201cLas relaciones con Am\u00e9rica Latina para Espa\u00f1a van mucho m\u00e1s all\u00e1 de cualquier Gobierno\u201d, dijo.<\/li>\n<\/ul>","protected":false},"excerpt":{"rendered":"<p>En di\u00e1logo con Clar\u00edn, el ministro de Exteriores de Pedro S\u00e1nchez asegura que mala relaci\u00f3n&#8230;<\/p>\n","protected":false},"author":1,"featured_media":0,"comment_status":"open","ping_status":"open","sticky":false,"template":"","format":"standard","meta":{"footnotes":""},"categories":[4],"tags":[],"class_list":["post-20485","post","type-post","status-publish","format-standard","hentry","category-internacionales"],"_links":{"self":[{"href":"https:\/\/masquenoticiastucuman.com.ar\/index.php?rest_route=\/wp\/v2\/posts\/20485","targetHints":{"allow":["GET"]}}],"collection":[{"href":"https:\/\/masquenoticiastucuman.com.ar\/index.php?rest_route=\/wp\/v2\/posts"}],"about":[{"href":"https:\/\/masquenoticiastucuman.com.ar\/index.php?rest_route=\/wp\/v2\/types\/post"}],"author":[{"embeddable":true,"href":"https:\/\/masquenoticiastucuman.com.ar\/index.php?rest_route=\/wp\/v2\/users\/1"}],"replies":[{"embeddable":true,"href":"https:\/\/masquenoticiastucuman.com.ar\/index.php?rest_route=%2Fwp%2Fv2%2Fcomments&post=20485"}],"version-history":[{"count":0,"href":"https:\/\/masquenoticiastucuman.com.ar\/index.php?rest_route=\/wp\/v2\/posts\/20485\/revisions"}],"wp:attachment":[{"href":"https:\/\/masquenoticiastucuman.com.ar\/index.php?rest_route=%2Fwp%2Fv2%2Fmedia&parent=20485"}],"wp:term":[{"taxonomy":"category","embeddable":true,"href":"https:\/\/masquenoticiastucuman.com.ar\/index.php?rest_route=%2Fwp%2Fv2%2Fcategories&post=20485"},{"taxonomy":"post_tag","embeddable":true,"href":"https:\/\/masquenoticiastucuman.com.ar\/index.php?rest_route=%2Fwp%2Fv2%2Ftags&post=20485"}],"curies":[{"name":"wp","href":"https:\/\/api.w.org\/{rel}","templated":true}]}}