{"id":20495,"date":"2025-01-27T18:01:05","date_gmt":"2025-01-27T21:01:05","guid":{"rendered":"http:\/\/masquenoticiastucuman.com.ar\/?p=20495"},"modified":"2025-01-27T18:01:05","modified_gmt":"2025-01-27T21:01:05","slug":"el-hijo-del-paton-bauza-hablo-sobre-la-salud-del-ex-dt-de-san-lorenzo-como-pasa-sus-dias-y-cual-es-el-problema-que-padece","status":"publish","type":"post","link":"https:\/\/masquenoticiastucuman.com.ar\/?p=20495","title":{"rendered":"El hijo del Pat\u00f3n Bauza habl\u00f3 sobre la salud del ex DT de San Lorenzo: c\u00f3mo pasa sus d\u00edas y cu\u00e1l es el problema que padece"},"content":{"rendered":"<ul>\n<li>El hijo del medio del Pat\u00f3n estuvo presente en el homenaje que la Liga de Quito le hizo a su padre.<\/li>\n<li>Este lunes, habl\u00f3 con Radio La Red sobre el estado de su pap\u00e1 y explic\u00f3 cu\u00e1ndo podr\u00eda saberse la causa de su enfermedad.<\/li>\n<\/ul>","protected":false},"excerpt":{"rendered":"<p>El hijo del medio del Pat\u00f3n estuvo presente en el homenaje que la Liga de&#8230;<\/p>\n","protected":false},"author":1,"featured_media":0,"comment_status":"open","ping_status":"open","sticky":false,"template":"","format":"standard","meta":{"footnotes":""},"categories":[6],"tags":[],"class_list":["post-20495","post","type-post","status-publish","format-standard","hentry","category-deportes"],"_links":{"self":[{"href":"https:\/\/masquenoticiastucuman.com.ar\/index.php?rest_route=\/wp\/v2\/posts\/20495","targetHints":{"allow":["GET"]}}],"collection":[{"href":"https:\/\/masquenoticiastucuman.com.ar\/index.php?rest_route=\/wp\/v2\/posts"}],"about":[{"href":"https:\/\/masquenoticiastucuman.com.ar\/index.php?rest_route=\/wp\/v2\/types\/post"}],"author":[{"embeddable":true,"href":"https:\/\/masquenoticiastucuman.com.ar\/index.php?rest_route=\/wp\/v2\/users\/1"}],"replies":[{"embeddable":true,"href":"https:\/\/masquenoticiastucuman.com.ar\/index.php?rest_route=%2Fwp%2Fv2%2Fcomments&post=20495"}],"version-history":[{"count":0,"href":"https:\/\/masquenoticiastucuman.com.ar\/index.php?rest_route=\/wp\/v2\/posts\/20495\/revisions"}],"wp:attachment":[{"href":"https:\/\/masquenoticiastucuman.com.ar\/index.php?rest_route=%2Fwp%2Fv2%2Fmedia&parent=20495"}],"wp:term":[{"taxonomy":"category","embeddable":true,"href":"https:\/\/masquenoticiastucuman.com.ar\/index.php?rest_route=%2Fwp%2Fv2%2Fcategories&post=20495"},{"taxonomy":"post_tag","embeddable":true,"href":"https:\/\/masquenoticiastucuman.com.ar\/index.php?rest_route=%2Fwp%2Fv2%2Ftags&post=20495"}],"curies":[{"name":"wp","href":"https:\/\/api.w.org\/{rel}","templated":true}]}}