{"id":20497,"date":"2025-01-27T18:01:07","date_gmt":"2025-01-27T21:01:07","guid":{"rendered":"http:\/\/masquenoticiastucuman.com.ar\/?p=20497"},"modified":"2025-01-27T18:01:07","modified_gmt":"2025-01-27T21:01:07","slug":"la-yihad-islamica-publico-una-senal-de-vida-de-la-rehen-arbel-yehud-que-seria-liberada-el-jueves","status":"publish","type":"post","link":"https:\/\/masquenoticiastucuman.com.ar\/?p=20497","title":{"rendered":"La Yihad Isl\u00e1mica public\u00f3 una se\u00f1al de vida de la reh\u00e9n Arbel Yehud, que ser\u00eda liberada el jueves"},"content":{"rendered":"<ul>\n<li>Israel considera la publicaci\u00f3n de estos videos parte de una &#8220;guerra psicol\u00f3gica&#8221; para presionar a la sociedad y las familias.<\/li>\n<li>La joven ser\u00eda liberada junto a la soldado avistadora Agam Berger y a otro reh\u00e9n cuya identidad a\u00fan se desconoce.<\/li>\n<\/ul>","protected":false},"excerpt":{"rendered":"<p>Israel considera la publicaci\u00f3n de estos videos parte de una &#8220;guerra psicol\u00f3gica&#8221; para presionar a&#8230;<\/p>\n","protected":false},"author":1,"featured_media":0,"comment_status":"open","ping_status":"open","sticky":false,"template":"","format":"standard","meta":{"footnotes":""},"categories":[4],"tags":[],"class_list":["post-20497","post","type-post","status-publish","format-standard","hentry","category-internacionales"],"_links":{"self":[{"href":"https:\/\/masquenoticiastucuman.com.ar\/index.php?rest_route=\/wp\/v2\/posts\/20497","targetHints":{"allow":["GET"]}}],"collection":[{"href":"https:\/\/masquenoticiastucuman.com.ar\/index.php?rest_route=\/wp\/v2\/posts"}],"about":[{"href":"https:\/\/masquenoticiastucuman.com.ar\/index.php?rest_route=\/wp\/v2\/types\/post"}],"author":[{"embeddable":true,"href":"https:\/\/masquenoticiastucuman.com.ar\/index.php?rest_route=\/wp\/v2\/users\/1"}],"replies":[{"embeddable":true,"href":"https:\/\/masquenoticiastucuman.com.ar\/index.php?rest_route=%2Fwp%2Fv2%2Fcomments&post=20497"}],"version-history":[{"count":0,"href":"https:\/\/masquenoticiastucuman.com.ar\/index.php?rest_route=\/wp\/v2\/posts\/20497\/revisions"}],"wp:attachment":[{"href":"https:\/\/masquenoticiastucuman.com.ar\/index.php?rest_route=%2Fwp%2Fv2%2Fmedia&parent=20497"}],"wp:term":[{"taxonomy":"category","embeddable":true,"href":"https:\/\/masquenoticiastucuman.com.ar\/index.php?rest_route=%2Fwp%2Fv2%2Fcategories&post=20497"},{"taxonomy":"post_tag","embeddable":true,"href":"https:\/\/masquenoticiastucuman.com.ar\/index.php?rest_route=%2Fwp%2Fv2%2Ftags&post=20497"}],"curies":[{"name":"wp","href":"https:\/\/api.w.org\/{rel}","templated":true}]}}