{"id":20503,"date":"2025-01-27T20:01:03","date_gmt":"2025-01-27T23:01:03","guid":{"rendered":"http:\/\/masquenoticiastucuman.com.ar\/?p=20503"},"modified":"2025-01-27T20:01:03","modified_gmt":"2025-01-27T23:01:03","slug":"no-pensaron-en-la-realidad-del-productor-las-criticas-de-un-analista-a-la-baja-temporal-de-retenciones","status":"publish","type":"post","link":"https:\/\/masquenoticiastucuman.com.ar\/?p=20503","title":{"rendered":"&#8220;No pensaron en la realidad del productor&#8221;: las cr\u00edticas de un analista a la baja temporal de retenciones"},"content":{"rendered":"<ul>\n<li>Un consultor del mercado de granos advierte que la temporalidad de la medida tiene efectos contraproducentes en el precio. <\/li>\n<li>Adem\u00e1s remarca que no beneficiar\u00e1 a buena parte de la cosecha de ma\u00edz tard\u00edo.<\/li>\n<\/ul>","protected":false},"excerpt":{"rendered":"<p>Un consultor del mercado de granos advierte que la temporalidad de la medida tiene efectos&#8230;<\/p>\n","protected":false},"author":1,"featured_media":0,"comment_status":"open","ping_status":"open","sticky":false,"template":"","format":"standard","meta":{"footnotes":""},"categories":[1],"tags":[],"class_list":["post-20503","post","type-post","status-publish","format-standard","hentry","category-uncategorized"],"_links":{"self":[{"href":"https:\/\/masquenoticiastucuman.com.ar\/index.php?rest_route=\/wp\/v2\/posts\/20503","targetHints":{"allow":["GET"]}}],"collection":[{"href":"https:\/\/masquenoticiastucuman.com.ar\/index.php?rest_route=\/wp\/v2\/posts"}],"about":[{"href":"https:\/\/masquenoticiastucuman.com.ar\/index.php?rest_route=\/wp\/v2\/types\/post"}],"author":[{"embeddable":true,"href":"https:\/\/masquenoticiastucuman.com.ar\/index.php?rest_route=\/wp\/v2\/users\/1"}],"replies":[{"embeddable":true,"href":"https:\/\/masquenoticiastucuman.com.ar\/index.php?rest_route=%2Fwp%2Fv2%2Fcomments&post=20503"}],"version-history":[{"count":0,"href":"https:\/\/masquenoticiastucuman.com.ar\/index.php?rest_route=\/wp\/v2\/posts\/20503\/revisions"}],"wp:attachment":[{"href":"https:\/\/masquenoticiastucuman.com.ar\/index.php?rest_route=%2Fwp%2Fv2%2Fmedia&parent=20503"}],"wp:term":[{"taxonomy":"category","embeddable":true,"href":"https:\/\/masquenoticiastucuman.com.ar\/index.php?rest_route=%2Fwp%2Fv2%2Fcategories&post=20503"},{"taxonomy":"post_tag","embeddable":true,"href":"https:\/\/masquenoticiastucuman.com.ar\/index.php?rest_route=%2Fwp%2Fv2%2Ftags&post=20503"}],"curies":[{"name":"wp","href":"https:\/\/api.w.org\/{rel}","templated":true}]}}