{"id":20511,"date":"2025-01-28T00:01:03","date_gmt":"2025-01-28T03:01:03","guid":{"rendered":"http:\/\/masquenoticiastucuman.com.ar\/?p=20511"},"modified":"2025-01-28T00:01:03","modified_gmt":"2025-01-28T03:01:03","slug":"river-y-un-problema-central-que-pasa-si-no-esta-enzo-perez-necesita-traer-otro-cinco","status":"publish","type":"post","link":"https:\/\/masquenoticiastucuman.com.ar\/?p=20511","title":{"rendered":"River y un problema central: \u00bfqu\u00e9 pasa si no est\u00e1 Enzo P\u00e9rez, necesita traer otro cinco?"},"content":{"rendered":"<ul>\n<li>El mendocino volvi\u00f3 con casi 39 a\u00f1os. El fin de semana no tuvo un buen partido y el equipo lo sinti\u00f3.<\/li>\n<li>Si Kranevitter y Villagra no levantan, \u00bfqui\u00e9n puede ocupar el lugar de volante central para ser rueda de auxilio de Enzo P\u00e9rez o eventualmente reemplazarlo?<\/li>\n<\/ul>\n<p><\/p>","protected":false},"excerpt":{"rendered":"<p>El mendocino volvi\u00f3 con casi 39 a\u00f1os. El fin de semana no tuvo un buen&#8230;<\/p>\n","protected":false},"author":1,"featured_media":0,"comment_status":"open","ping_status":"open","sticky":false,"template":"","format":"standard","meta":{"footnotes":""},"categories":[6],"tags":[],"class_list":["post-20511","post","type-post","status-publish","format-standard","hentry","category-deportes"],"_links":{"self":[{"href":"https:\/\/masquenoticiastucuman.com.ar\/index.php?rest_route=\/wp\/v2\/posts\/20511","targetHints":{"allow":["GET"]}}],"collection":[{"href":"https:\/\/masquenoticiastucuman.com.ar\/index.php?rest_route=\/wp\/v2\/posts"}],"about":[{"href":"https:\/\/masquenoticiastucuman.com.ar\/index.php?rest_route=\/wp\/v2\/types\/post"}],"author":[{"embeddable":true,"href":"https:\/\/masquenoticiastucuman.com.ar\/index.php?rest_route=\/wp\/v2\/users\/1"}],"replies":[{"embeddable":true,"href":"https:\/\/masquenoticiastucuman.com.ar\/index.php?rest_route=%2Fwp%2Fv2%2Fcomments&post=20511"}],"version-history":[{"count":0,"href":"https:\/\/masquenoticiastucuman.com.ar\/index.php?rest_route=\/wp\/v2\/posts\/20511\/revisions"}],"wp:attachment":[{"href":"https:\/\/masquenoticiastucuman.com.ar\/index.php?rest_route=%2Fwp%2Fv2%2Fmedia&parent=20511"}],"wp:term":[{"taxonomy":"category","embeddable":true,"href":"https:\/\/masquenoticiastucuman.com.ar\/index.php?rest_route=%2Fwp%2Fv2%2Fcategories&post=20511"},{"taxonomy":"post_tag","embeddable":true,"href":"https:\/\/masquenoticiastucuman.com.ar\/index.php?rest_route=%2Fwp%2Fv2%2Ftags&post=20511"}],"curies":[{"name":"wp","href":"https:\/\/api.w.org\/{rel}","templated":true}]}}