{"id":20513,"date":"2025-01-28T00:01:05","date_gmt":"2025-01-28T03:01:05","guid":{"rendered":"http:\/\/masquenoticiastucuman.com.ar\/?p=20513"},"modified":"2025-01-28T00:01:05","modified_gmt":"2025-01-28T03:01:05","slug":"bill-gates-salio-al-cruce-de-elon-musk-por-su-apoyo-a-la-extrema-derecha-alemana-es-una-locura","status":"publish","type":"post","link":"https:\/\/masquenoticiastucuman.com.ar\/?p=20513","title":{"rendered":"Bill Gates sali\u00f3 al cruce de Elon Musk por su apoyo a la extrema derecha alemana: &#8220;Es una locura&#8221;"},"content":{"rendered":"<ul>\n<li>\u201cSi alguien es superinteligente, y \u00e9l lo es, deber\u00eda pensar en c\u00f3mo puede ayudar. Pero esto es una agitaci\u00f3n populista\u201d, cuestion\u00f3 el cofundador de Microsoft.<\/li>\n<\/ul>","protected":false},"excerpt":{"rendered":"<p>\u201cSi alguien es superinteligente, y \u00e9l lo es, deber\u00eda pensar en c\u00f3mo puede ayudar. Pero&#8230;<\/p>\n","protected":false},"author":1,"featured_media":0,"comment_status":"open","ping_status":"open","sticky":false,"template":"","format":"standard","meta":{"footnotes":""},"categories":[4],"tags":[],"class_list":["post-20513","post","type-post","status-publish","format-standard","hentry","category-internacionales"],"_links":{"self":[{"href":"https:\/\/masquenoticiastucuman.com.ar\/index.php?rest_route=\/wp\/v2\/posts\/20513","targetHints":{"allow":["GET"]}}],"collection":[{"href":"https:\/\/masquenoticiastucuman.com.ar\/index.php?rest_route=\/wp\/v2\/posts"}],"about":[{"href":"https:\/\/masquenoticiastucuman.com.ar\/index.php?rest_route=\/wp\/v2\/types\/post"}],"author":[{"embeddable":true,"href":"https:\/\/masquenoticiastucuman.com.ar\/index.php?rest_route=\/wp\/v2\/users\/1"}],"replies":[{"embeddable":true,"href":"https:\/\/masquenoticiastucuman.com.ar\/index.php?rest_route=%2Fwp%2Fv2%2Fcomments&post=20513"}],"version-history":[{"count":0,"href":"https:\/\/masquenoticiastucuman.com.ar\/index.php?rest_route=\/wp\/v2\/posts\/20513\/revisions"}],"wp:attachment":[{"href":"https:\/\/masquenoticiastucuman.com.ar\/index.php?rest_route=%2Fwp%2Fv2%2Fmedia&parent=20513"}],"wp:term":[{"taxonomy":"category","embeddable":true,"href":"https:\/\/masquenoticiastucuman.com.ar\/index.php?rest_route=%2Fwp%2Fv2%2Fcategories&post=20513"},{"taxonomy":"post_tag","embeddable":true,"href":"https:\/\/masquenoticiastucuman.com.ar\/index.php?rest_route=%2Fwp%2Fv2%2Ftags&post=20513"}],"curies":[{"name":"wp","href":"https:\/\/api.w.org\/{rel}","templated":true}]}}