{"id":20519,"date":"2025-01-28T06:01:02","date_gmt":"2025-01-28T09:01:02","guid":{"rendered":"http:\/\/masquenoticiastucuman.com.ar\/?p=20519"},"modified":"2025-01-28T06:01:02","modified_gmt":"2025-01-28T09:01:02","slug":"el-extrano-caso-de-mariano-navone-de-no-meter-una-bola-a-darse-cuenta-que-era-de-elite-y-cargar-con-la-presion-de-argentina-en-la-copa-davis","status":"publish","type":"post","link":"https:\/\/masquenoticiastucuman.com.ar\/?p=20519","title":{"rendered":"El extra\u00f1o caso de Mariano Navone: de \u201cno meter una bola\u201d a darse cuenta &#8220;que era de elite&#8221; y cargar con la presi\u00f3n de Argentina en la Copa Davis"},"content":{"rendered":"<ul>\n<li>Tras las bajas de B\u00e1ez y Cer\u00fandolo, tiene grandes chances de ser el segundo singlista ante Noruega por los <em>Qualifiers<\/em> 2025.<\/li>\n<li>Hace un a\u00f1o y medio estaba afuera del <em>top<\/em> 200; hoy, se codea en la elite y fue convocado por Javier Frana.<\/li>\n<li>Su r\u00e1pida evoluci\u00f3n en el circuito, la emoci\u00f3n de jugar la Davis y la previa de una \u201cserie peligrosa\u201d.<\/li>\n<\/ul>","protected":false},"excerpt":{"rendered":"<p>Tras las bajas de B\u00e1ez y Cer\u00fandolo, tiene grandes chances de ser el segundo singlista&#8230;<\/p>\n","protected":false},"author":1,"featured_media":0,"comment_status":"open","ping_status":"open","sticky":false,"template":"","format":"standard","meta":{"footnotes":""},"categories":[6],"tags":[],"class_list":["post-20519","post","type-post","status-publish","format-standard","hentry","category-deportes"],"_links":{"self":[{"href":"https:\/\/masquenoticiastucuman.com.ar\/index.php?rest_route=\/wp\/v2\/posts\/20519","targetHints":{"allow":["GET"]}}],"collection":[{"href":"https:\/\/masquenoticiastucuman.com.ar\/index.php?rest_route=\/wp\/v2\/posts"}],"about":[{"href":"https:\/\/masquenoticiastucuman.com.ar\/index.php?rest_route=\/wp\/v2\/types\/post"}],"author":[{"embeddable":true,"href":"https:\/\/masquenoticiastucuman.com.ar\/index.php?rest_route=\/wp\/v2\/users\/1"}],"replies":[{"embeddable":true,"href":"https:\/\/masquenoticiastucuman.com.ar\/index.php?rest_route=%2Fwp%2Fv2%2Fcomments&post=20519"}],"version-history":[{"count":0,"href":"https:\/\/masquenoticiastucuman.com.ar\/index.php?rest_route=\/wp\/v2\/posts\/20519\/revisions"}],"wp:attachment":[{"href":"https:\/\/masquenoticiastucuman.com.ar\/index.php?rest_route=%2Fwp%2Fv2%2Fmedia&parent=20519"}],"wp:term":[{"taxonomy":"category","embeddable":true,"href":"https:\/\/masquenoticiastucuman.com.ar\/index.php?rest_route=%2Fwp%2Fv2%2Fcategories&post=20519"},{"taxonomy":"post_tag","embeddable":true,"href":"https:\/\/masquenoticiastucuman.com.ar\/index.php?rest_route=%2Fwp%2Fv2%2Ftags&post=20519"}],"curies":[{"name":"wp","href":"https:\/\/api.w.org\/{rel}","templated":true}]}}