{"id":20525,"date":"2025-01-28T07:01:04","date_gmt":"2025-01-28T10:01:04","guid":{"rendered":"http:\/\/masquenoticiastucuman.com.ar\/?p=20525"},"modified":"2025-01-28T07:01:04","modified_gmt":"2025-01-28T10:01:04","slug":"el-pasado-desconocido-de-martin-anselmi-de-sus-anos-de-periodista-a-convertirse-en-el-nuevo-tecnico-de-un-grande-de-portugal","status":"publish","type":"post","link":"https:\/\/masquenoticiastucuman.com.ar\/?p=20525","title":{"rendered":"El pasado desconocido de Mart\u00edn Anselmi: de sus a\u00f1os de periodista a convertirse en el nuevo t\u00e9cnico de un grande de Portugal"},"content":{"rendered":"<ul>\n<li>El t\u00e9cnico argentino de 39 a\u00f1os dej\u00f3 Cruz Azul para arribar al f\u00fatbol europeo por primera vez.<\/li>\n<li>&#8220;Mi casa es su casa. Bienvenido Mart\u00edn&#8221;, poste\u00f3 la cuenta oficial del club luso.<\/li>\n<li>&#8220;Nos dec\u00eda que iba a ser t\u00e9cnico. Estaba seguro.&#8221;, confes\u00f3 su ex compa\u00f1ero de radio.<\/li>\n<\/ul>","protected":false},"excerpt":{"rendered":"<p>El t\u00e9cnico argentino de 39 a\u00f1os dej\u00f3 Cruz Azul para arribar al f\u00fatbol europeo por&#8230;<\/p>\n","protected":false},"author":1,"featured_media":0,"comment_status":"open","ping_status":"open","sticky":false,"template":"","format":"standard","meta":{"footnotes":""},"categories":[6],"tags":[],"class_list":["post-20525","post","type-post","status-publish","format-standard","hentry","category-deportes"],"_links":{"self":[{"href":"https:\/\/masquenoticiastucuman.com.ar\/index.php?rest_route=\/wp\/v2\/posts\/20525","targetHints":{"allow":["GET"]}}],"collection":[{"href":"https:\/\/masquenoticiastucuman.com.ar\/index.php?rest_route=\/wp\/v2\/posts"}],"about":[{"href":"https:\/\/masquenoticiastucuman.com.ar\/index.php?rest_route=\/wp\/v2\/types\/post"}],"author":[{"embeddable":true,"href":"https:\/\/masquenoticiastucuman.com.ar\/index.php?rest_route=\/wp\/v2\/users\/1"}],"replies":[{"embeddable":true,"href":"https:\/\/masquenoticiastucuman.com.ar\/index.php?rest_route=%2Fwp%2Fv2%2Fcomments&post=20525"}],"version-history":[{"count":0,"href":"https:\/\/masquenoticiastucuman.com.ar\/index.php?rest_route=\/wp\/v2\/posts\/20525\/revisions"}],"wp:attachment":[{"href":"https:\/\/masquenoticiastucuman.com.ar\/index.php?rest_route=%2Fwp%2Fv2%2Fmedia&parent=20525"}],"wp:term":[{"taxonomy":"category","embeddable":true,"href":"https:\/\/masquenoticiastucuman.com.ar\/index.php?rest_route=%2Fwp%2Fv2%2Fcategories&post=20525"},{"taxonomy":"post_tag","embeddable":true,"href":"https:\/\/masquenoticiastucuman.com.ar\/index.php?rest_route=%2Fwp%2Fv2%2Ftags&post=20525"}],"curies":[{"name":"wp","href":"https:\/\/api.w.org\/{rel}","templated":true}]}}