{"id":20549,"date":"2025-01-28T11:01:04","date_gmt":"2025-01-28T14:01:04","guid":{"rendered":"http:\/\/masquenoticiastucuman.com.ar\/?p=20549"},"modified":"2025-01-28T11:01:04","modified_gmt":"2025-01-28T14:01:04","slug":"con-el-pase-a-alpine-colapinto-recupero-el-control-de-sus-redes-sociales-y-volvieron-los-chistes","status":"publish","type":"post","link":"https:\/\/masquenoticiastucuman.com.ar\/?p=20549","title":{"rendered":"Con el pase a Alpine, Colapinto recuper\u00f3 el control de sus redes sociales y volvieron los chistes"},"content":{"rendered":"<ul>\n<li>Tras el acuerdo de su nueva escuder\u00eda con Prima Pramac Yamaha MotoGP, el pilarense asegur\u00f3 que ser\u00eda tester en el equipo de motos.<\/li>\n<li>Despu\u00e9s, aclar\u00f3 la situaci\u00f3n con un divertido giro.<\/li>\n<\/ul>","protected":false},"excerpt":{"rendered":"<p>Tras el acuerdo de su nueva escuder\u00eda con Prima Pramac Yamaha MotoGP, el pilarense asegur\u00f3&#8230;<\/p>\n","protected":false},"author":1,"featured_media":0,"comment_status":"open","ping_status":"open","sticky":false,"template":"","format":"standard","meta":{"footnotes":""},"categories":[6],"tags":[],"class_list":["post-20549","post","type-post","status-publish","format-standard","hentry","category-deportes"],"_links":{"self":[{"href":"https:\/\/masquenoticiastucuman.com.ar\/index.php?rest_route=\/wp\/v2\/posts\/20549","targetHints":{"allow":["GET"]}}],"collection":[{"href":"https:\/\/masquenoticiastucuman.com.ar\/index.php?rest_route=\/wp\/v2\/posts"}],"about":[{"href":"https:\/\/masquenoticiastucuman.com.ar\/index.php?rest_route=\/wp\/v2\/types\/post"}],"author":[{"embeddable":true,"href":"https:\/\/masquenoticiastucuman.com.ar\/index.php?rest_route=\/wp\/v2\/users\/1"}],"replies":[{"embeddable":true,"href":"https:\/\/masquenoticiastucuman.com.ar\/index.php?rest_route=%2Fwp%2Fv2%2Fcomments&post=20549"}],"version-history":[{"count":0,"href":"https:\/\/masquenoticiastucuman.com.ar\/index.php?rest_route=\/wp\/v2\/posts\/20549\/revisions"}],"wp:attachment":[{"href":"https:\/\/masquenoticiastucuman.com.ar\/index.php?rest_route=%2Fwp%2Fv2%2Fmedia&parent=20549"}],"wp:term":[{"taxonomy":"category","embeddable":true,"href":"https:\/\/masquenoticiastucuman.com.ar\/index.php?rest_route=%2Fwp%2Fv2%2Fcategories&post=20549"},{"taxonomy":"post_tag","embeddable":true,"href":"https:\/\/masquenoticiastucuman.com.ar\/index.php?rest_route=%2Fwp%2Fv2%2Ftags&post=20549"}],"curies":[{"name":"wp","href":"https:\/\/api.w.org\/{rel}","templated":true}]}}