{"id":20555,"date":"2025-01-28T12:01:02","date_gmt":"2025-01-28T15:01:02","guid":{"rendered":"http:\/\/masquenoticiastucuman.com.ar\/?p=20555"},"modified":"2025-01-28T12:01:02","modified_gmt":"2025-01-28T15:01:02","slug":"el-verano-le-sienta-bien-la-chicharrita-del-maiz-se-multiplico-y-recomiendan-aumentar-los-monitoreos-para-mitigar-danos","status":"publish","type":"post","link":"https:\/\/masquenoticiastucuman.com.ar\/?p=20555","title":{"rendered":"El verano le sienta bien: la chicharrita del ma\u00edz se multiplic\u00f3 y recomiendan aumentar los monitoreos para mitigar da\u00f1os"},"content":{"rendered":"<ul>\n<li>Llaman a evaluar estrategias de control para evitar la expansi\u00f3n de la plaga.<\/li>\n<li>En qu\u00e9 zonas del pa\u00eds se relevaron las mayores poblaciones del insecto.<\/li>\n<\/ul>","protected":false},"excerpt":{"rendered":"<p>Llaman a evaluar estrategias de control para evitar la expansi\u00f3n de la plaga. En qu\u00e9&#8230;<\/p>\n","protected":false},"author":1,"featured_media":0,"comment_status":"open","ping_status":"open","sticky":false,"template":"","format":"standard","meta":{"footnotes":""},"categories":[1],"tags":[],"class_list":["post-20555","post","type-post","status-publish","format-standard","hentry","category-uncategorized"],"_links":{"self":[{"href":"https:\/\/masquenoticiastucuman.com.ar\/index.php?rest_route=\/wp\/v2\/posts\/20555","targetHints":{"allow":["GET"]}}],"collection":[{"href":"https:\/\/masquenoticiastucuman.com.ar\/index.php?rest_route=\/wp\/v2\/posts"}],"about":[{"href":"https:\/\/masquenoticiastucuman.com.ar\/index.php?rest_route=\/wp\/v2\/types\/post"}],"author":[{"embeddable":true,"href":"https:\/\/masquenoticiastucuman.com.ar\/index.php?rest_route=\/wp\/v2\/users\/1"}],"replies":[{"embeddable":true,"href":"https:\/\/masquenoticiastucuman.com.ar\/index.php?rest_route=%2Fwp%2Fv2%2Fcomments&post=20555"}],"version-history":[{"count":0,"href":"https:\/\/masquenoticiastucuman.com.ar\/index.php?rest_route=\/wp\/v2\/posts\/20555\/revisions"}],"wp:attachment":[{"href":"https:\/\/masquenoticiastucuman.com.ar\/index.php?rest_route=%2Fwp%2Fv2%2Fmedia&parent=20555"}],"wp:term":[{"taxonomy":"category","embeddable":true,"href":"https:\/\/masquenoticiastucuman.com.ar\/index.php?rest_route=%2Fwp%2Fv2%2Fcategories&post=20555"},{"taxonomy":"post_tag","embeddable":true,"href":"https:\/\/masquenoticiastucuman.com.ar\/index.php?rest_route=%2Fwp%2Fv2%2Ftags&post=20555"}],"curies":[{"name":"wp","href":"https:\/\/api.w.org\/{rel}","templated":true}]}}