{"id":20559,"date":"2025-01-28T12:01:04","date_gmt":"2025-01-28T15:01:04","guid":{"rendered":"http:\/\/masquenoticiastucuman.com.ar\/?p=20559"},"modified":"2025-01-28T12:01:04","modified_gmt":"2025-01-28T15:01:04","slug":"federico-redondo-justifico-la-reaccion-de-messi-contra-los-mexicanos-es-el-unico-pais-que-no-disfruta-verlo-jugar","status":"publish","type":"post","link":"https:\/\/masquenoticiastucuman.com.ar\/?p=20559","title":{"rendered":"Federico Redondo justific\u00f3 la reacci\u00f3n de Messi contra los mexicanos: &#8220;Es el \u00fanico pa\u00eds que no disfruta verlo jugar&#8221;"},"content":{"rendered":"<ul>\n<li>Fue en referencia al gesto del capit\u00e1n dirigido a los hinchas mexicanos que gener\u00f3 pol\u00e9mica en redes.<\/li>\n<li>El mediocampista del Inter Miami justific\u00f3 la reacci\u00f3n en la previa al viaje a Per\u00fa.<\/li>\n<\/ul>","protected":false},"excerpt":{"rendered":"<p>Fue en referencia al gesto del capit\u00e1n dirigido a los hinchas mexicanos que gener\u00f3 pol\u00e9mica&#8230;<\/p>\n","protected":false},"author":1,"featured_media":0,"comment_status":"open","ping_status":"open","sticky":false,"template":"","format":"standard","meta":{"footnotes":""},"categories":[6],"tags":[],"class_list":["post-20559","post","type-post","status-publish","format-standard","hentry","category-deportes"],"_links":{"self":[{"href":"https:\/\/masquenoticiastucuman.com.ar\/index.php?rest_route=\/wp\/v2\/posts\/20559","targetHints":{"allow":["GET"]}}],"collection":[{"href":"https:\/\/masquenoticiastucuman.com.ar\/index.php?rest_route=\/wp\/v2\/posts"}],"about":[{"href":"https:\/\/masquenoticiastucuman.com.ar\/index.php?rest_route=\/wp\/v2\/types\/post"}],"author":[{"embeddable":true,"href":"https:\/\/masquenoticiastucuman.com.ar\/index.php?rest_route=\/wp\/v2\/users\/1"}],"replies":[{"embeddable":true,"href":"https:\/\/masquenoticiastucuman.com.ar\/index.php?rest_route=%2Fwp%2Fv2%2Fcomments&post=20559"}],"version-history":[{"count":0,"href":"https:\/\/masquenoticiastucuman.com.ar\/index.php?rest_route=\/wp\/v2\/posts\/20559\/revisions"}],"wp:attachment":[{"href":"https:\/\/masquenoticiastucuman.com.ar\/index.php?rest_route=%2Fwp%2Fv2%2Fmedia&parent=20559"}],"wp:term":[{"taxonomy":"category","embeddable":true,"href":"https:\/\/masquenoticiastucuman.com.ar\/index.php?rest_route=%2Fwp%2Fv2%2Fcategories&post=20559"},{"taxonomy":"post_tag","embeddable":true,"href":"https:\/\/masquenoticiastucuman.com.ar\/index.php?rest_route=%2Fwp%2Fv2%2Ftags&post=20559"}],"curies":[{"name":"wp","href":"https:\/\/api.w.org\/{rel}","templated":true}]}}