{"id":20565,"date":"2025-01-28T13:01:02","date_gmt":"2025-01-28T16:01:02","guid":{"rendered":"http:\/\/masquenoticiastucuman.com.ar\/?p=20565"},"modified":"2025-01-28T13:01:02","modified_gmt":"2025-01-28T16:01:02","slug":"baja-temporal-de-retenciones-abre-el-camino-pero-no-perdemos-de-vista-el-objetivo-final","status":"publish","type":"post","link":"https:\/\/masquenoticiastucuman.com.ar\/?p=20565","title":{"rendered":"Baja temporal de retenciones: &#8220;Abre el camino pero no perdemos de vista el objetivo final&#8221;"},"content":{"rendered":"<ul>\n<li>As\u00ed lo manifestaron las cadenas agroindustriales del ma\u00edz, la soja, el trigo y el girasol.<\/li>\n<li>Sostienen que la eliminaci\u00f3n del tributo ser\u00eda un gran paso para incentivar el desarrollo del pa\u00eds.<\/li>\n<\/ul>","protected":false},"excerpt":{"rendered":"<p>As\u00ed lo manifestaron las cadenas agroindustriales del ma\u00edz, la soja, el trigo y el girasol&#8230;.<\/p>\n","protected":false},"author":1,"featured_media":0,"comment_status":"open","ping_status":"open","sticky":false,"template":"","format":"standard","meta":{"footnotes":""},"categories":[1],"tags":[],"class_list":["post-20565","post","type-post","status-publish","format-standard","hentry","category-uncategorized"],"_links":{"self":[{"href":"https:\/\/masquenoticiastucuman.com.ar\/index.php?rest_route=\/wp\/v2\/posts\/20565","targetHints":{"allow":["GET"]}}],"collection":[{"href":"https:\/\/masquenoticiastucuman.com.ar\/index.php?rest_route=\/wp\/v2\/posts"}],"about":[{"href":"https:\/\/masquenoticiastucuman.com.ar\/index.php?rest_route=\/wp\/v2\/types\/post"}],"author":[{"embeddable":true,"href":"https:\/\/masquenoticiastucuman.com.ar\/index.php?rest_route=\/wp\/v2\/users\/1"}],"replies":[{"embeddable":true,"href":"https:\/\/masquenoticiastucuman.com.ar\/index.php?rest_route=%2Fwp%2Fv2%2Fcomments&post=20565"}],"version-history":[{"count":0,"href":"https:\/\/masquenoticiastucuman.com.ar\/index.php?rest_route=\/wp\/v2\/posts\/20565\/revisions"}],"wp:attachment":[{"href":"https:\/\/masquenoticiastucuman.com.ar\/index.php?rest_route=%2Fwp%2Fv2%2Fmedia&parent=20565"}],"wp:term":[{"taxonomy":"category","embeddable":true,"href":"https:\/\/masquenoticiastucuman.com.ar\/index.php?rest_route=%2Fwp%2Fv2%2Fcategories&post=20565"},{"taxonomy":"post_tag","embeddable":true,"href":"https:\/\/masquenoticiastucuman.com.ar\/index.php?rest_route=%2Fwp%2Fv2%2Ftags&post=20565"}],"curies":[{"name":"wp","href":"https:\/\/api.w.org\/{rel}","templated":true}]}}