{"id":21014,"date":"2025-02-02T11:01:05","date_gmt":"2025-02-02T14:01:05","guid":{"rendered":"http:\/\/masquenoticiastucuman.com.ar\/?p=21014"},"modified":"2025-02-02T11:01:05","modified_gmt":"2025-02-02T14:01:05","slug":"el-papa-francisco-arengo-a-las-parejas-jovenes-a-tener-mas-hijos-no-tengan-miedo","status":"publish","type":"post","link":"https:\/\/masquenoticiastucuman.com.ar\/?p=21014","title":{"rendered":"El papa Francisco areng\u00f3 a las parejas j\u00f3venes a tener m\u00e1s hijos: &#8220;No tengan miedo&#8221;"},"content":{"rendered":"<ul>\n<li>Lo hizo durante el \u00c1ngelus de este domingo, en el que se conmemora el &#8220;D\u00eda de la Vida&#8221;. <\/li>\n<li>Volvi\u00f3 a reclamar por el fin de las guerras e hizo hincapi\u00e9 en el rol de los gobernantes cat\u00f3licos.<\/li>\n<\/ul>","protected":false},"excerpt":{"rendered":"<p>Lo hizo durante el \u00c1ngelus de este domingo, en el que se conmemora el &#8220;D\u00eda&#8230;<\/p>\n","protected":false},"author":1,"featured_media":0,"comment_status":"open","ping_status":"open","sticky":false,"template":"","format":"standard","meta":{"footnotes":""},"categories":[4],"tags":[],"class_list":["post-21014","post","type-post","status-publish","format-standard","hentry","category-internacionales"],"_links":{"self":[{"href":"https:\/\/masquenoticiastucuman.com.ar\/index.php?rest_route=\/wp\/v2\/posts\/21014","targetHints":{"allow":["GET"]}}],"collection":[{"href":"https:\/\/masquenoticiastucuman.com.ar\/index.php?rest_route=\/wp\/v2\/posts"}],"about":[{"href":"https:\/\/masquenoticiastucuman.com.ar\/index.php?rest_route=\/wp\/v2\/types\/post"}],"author":[{"embeddable":true,"href":"https:\/\/masquenoticiastucuman.com.ar\/index.php?rest_route=\/wp\/v2\/users\/1"}],"replies":[{"embeddable":true,"href":"https:\/\/masquenoticiastucuman.com.ar\/index.php?rest_route=%2Fwp%2Fv2%2Fcomments&post=21014"}],"version-history":[{"count":0,"href":"https:\/\/masquenoticiastucuman.com.ar\/index.php?rest_route=\/wp\/v2\/posts\/21014\/revisions"}],"wp:attachment":[{"href":"https:\/\/masquenoticiastucuman.com.ar\/index.php?rest_route=%2Fwp%2Fv2%2Fmedia&parent=21014"}],"wp:term":[{"taxonomy":"category","embeddable":true,"href":"https:\/\/masquenoticiastucuman.com.ar\/index.php?rest_route=%2Fwp%2Fv2%2Fcategories&post=21014"},{"taxonomy":"post_tag","embeddable":true,"href":"https:\/\/masquenoticiastucuman.com.ar\/index.php?rest_route=%2Fwp%2Fv2%2Ftags&post=21014"}],"curies":[{"name":"wp","href":"https:\/\/api.w.org\/{rel}","templated":true}]}}