{"id":21020,"date":"2025-02-02T12:01:04","date_gmt":"2025-02-02T15:01:04","guid":{"rendered":"http:\/\/masquenoticiastucuman.com.ar\/?p=21020"},"modified":"2025-02-02T12:01:04","modified_gmt":"2025-02-02T15:01:04","slug":"el-impactante-choque-de-cabezas-entre-gavi-y-el-argentino-conechny-que-preocupo-en-barcelona-alaves-en-espana","status":"publish","type":"post","link":"https:\/\/masquenoticiastucuman.com.ar\/?p=21020","title":{"rendered":"El impactante choque de cabezas entre Gavi y el argentino Conechny que preocup\u00f3 en Barcelona-Alav\u00e9s en Espa\u00f1a"},"content":{"rendered":"<ul>\n<li>El mediocampista surgido en San Lorenzo se llev\u00f3 la peor parte, aunque ambos fueron reemplazados por protocolo.<\/li>\n<li>Mir\u00e1 el video.<\/li>\n<\/ul>","protected":false},"excerpt":{"rendered":"<p>El mediocampista surgido en San Lorenzo se llev\u00f3 la peor parte, aunque ambos fueron reemplazados&#8230;<\/p>\n","protected":false},"author":1,"featured_media":0,"comment_status":"open","ping_status":"open","sticky":false,"template":"","format":"standard","meta":{"footnotes":""},"categories":[6],"tags":[],"class_list":["post-21020","post","type-post","status-publish","format-standard","hentry","category-deportes"],"_links":{"self":[{"href":"https:\/\/masquenoticiastucuman.com.ar\/index.php?rest_route=\/wp\/v2\/posts\/21020","targetHints":{"allow":["GET"]}}],"collection":[{"href":"https:\/\/masquenoticiastucuman.com.ar\/index.php?rest_route=\/wp\/v2\/posts"}],"about":[{"href":"https:\/\/masquenoticiastucuman.com.ar\/index.php?rest_route=\/wp\/v2\/types\/post"}],"author":[{"embeddable":true,"href":"https:\/\/masquenoticiastucuman.com.ar\/index.php?rest_route=\/wp\/v2\/users\/1"}],"replies":[{"embeddable":true,"href":"https:\/\/masquenoticiastucuman.com.ar\/index.php?rest_route=%2Fwp%2Fv2%2Fcomments&post=21020"}],"version-history":[{"count":0,"href":"https:\/\/masquenoticiastucuman.com.ar\/index.php?rest_route=\/wp\/v2\/posts\/21020\/revisions"}],"wp:attachment":[{"href":"https:\/\/masquenoticiastucuman.com.ar\/index.php?rest_route=%2Fwp%2Fv2%2Fmedia&parent=21020"}],"wp:term":[{"taxonomy":"category","embeddable":true,"href":"https:\/\/masquenoticiastucuman.com.ar\/index.php?rest_route=%2Fwp%2Fv2%2Fcategories&post=21020"},{"taxonomy":"post_tag","embeddable":true,"href":"https:\/\/masquenoticiastucuman.com.ar\/index.php?rest_route=%2Fwp%2Fv2%2Ftags&post=21020"}],"curies":[{"name":"wp","href":"https:\/\/api.w.org\/{rel}","templated":true}]}}