{"id":21044,"date":"2025-02-02T17:01:04","date_gmt":"2025-02-02T20:01:04","guid":{"rendered":"http:\/\/masquenoticiastucuman.com.ar\/?p=21044"},"modified":"2025-02-02T17:01:04","modified_gmt":"2025-02-02T20:01:04","slug":"franco-colapinto-hizo-dupla-con-la-leyenda-belasteguin-y-jugo-al-padel-con-su-nuevo-companero-en-la-formula-1-pierre-gasly","status":"publish","type":"post","link":"https:\/\/masquenoticiastucuman.com.ar\/?p=21044","title":{"rendered":"Franco Colapinto hizo dupla con la leyenda Belastegu\u00edn y jug\u00f3 al p\u00e1del con su nuevo compa\u00f1ero en la F\u00f3rmula 1 Pierre Gasly"},"content":{"rendered":"<ul>\n<li>El pilarense hizo dupla con el argentino que se retir\u00f3 de la actividad profesional a fines de 2024.<\/li>\n<li>Mir\u00e1 el video.<\/li>\n<\/ul>","protected":false},"excerpt":{"rendered":"<p>El pilarense hizo dupla con el argentino que se retir\u00f3 de la actividad profesional a&#8230;<\/p>\n","protected":false},"author":1,"featured_media":0,"comment_status":"open","ping_status":"open","sticky":false,"template":"","format":"standard","meta":{"footnotes":""},"categories":[6],"tags":[],"class_list":["post-21044","post","type-post","status-publish","format-standard","hentry","category-deportes"],"_links":{"self":[{"href":"https:\/\/masquenoticiastucuman.com.ar\/index.php?rest_route=\/wp\/v2\/posts\/21044","targetHints":{"allow":["GET"]}}],"collection":[{"href":"https:\/\/masquenoticiastucuman.com.ar\/index.php?rest_route=\/wp\/v2\/posts"}],"about":[{"href":"https:\/\/masquenoticiastucuman.com.ar\/index.php?rest_route=\/wp\/v2\/types\/post"}],"author":[{"embeddable":true,"href":"https:\/\/masquenoticiastucuman.com.ar\/index.php?rest_route=\/wp\/v2\/users\/1"}],"replies":[{"embeddable":true,"href":"https:\/\/masquenoticiastucuman.com.ar\/index.php?rest_route=%2Fwp%2Fv2%2Fcomments&post=21044"}],"version-history":[{"count":0,"href":"https:\/\/masquenoticiastucuman.com.ar\/index.php?rest_route=\/wp\/v2\/posts\/21044\/revisions"}],"wp:attachment":[{"href":"https:\/\/masquenoticiastucuman.com.ar\/index.php?rest_route=%2Fwp%2Fv2%2Fmedia&parent=21044"}],"wp:term":[{"taxonomy":"category","embeddable":true,"href":"https:\/\/masquenoticiastucuman.com.ar\/index.php?rest_route=%2Fwp%2Fv2%2Fcategories&post=21044"},{"taxonomy":"post_tag","embeddable":true,"href":"https:\/\/masquenoticiastucuman.com.ar\/index.php?rest_route=%2Fwp%2Fv2%2Ftags&post=21044"}],"curies":[{"name":"wp","href":"https:\/\/api.w.org\/{rel}","templated":true}]}}